{"id":15392,"date":"2013-09-30T18:06:50","date_gmt":"2013-09-30T15:06:50","guid":{"rendered":"https:\/\/toompark.com\/aarne\/?p=15392"},"modified":"2019-09-16T21:15:41","modified_gmt":"2019-09-16T18:15:41","slug":"vaba-tallinna-kodanik-mustamael","status":"publish","type":"post","link":"https:\/\/toompark.com\/aarne\/vaba-tallinna-kodanik-mustamael\/","title":{"rendered":"Vaba Tallinna Kodanik Mustam\u00e4el"},"content":{"rendered":"<p><img loading=\"lazy\" decoding=\"async\" class=\"alignright size-full wp-image-15350\" alt=\"Valimisliit Vaba Tallinna Kodanik\" src=\"https:\/\/toompark.com\/aarne\/wp-content\/uploads\/2013\/09\/vaba-tallinna-kodanik.jpg\" width=\"250\" height=\"138\" align=\"right\" border=\"0\" hspace=\"5\" srcset=\"https:\/\/toompark.com\/aarne\/wp-content\/uploads\/2013\/09\/vaba-tallinna-kodanik.jpg 250w, https:\/\/toompark.com\/aarne\/wp-content\/uploads\/2013\/09\/vaba-tallinna-kodanik-100x55.jpg 100w, https:\/\/toompark.com\/aarne\/wp-content\/uploads\/2013\/09\/vaba-tallinna-kodanik-150x83.jpg 150w, https:\/\/toompark.com\/aarne\/wp-content\/uploads\/2013\/09\/vaba-tallinna-kodanik-200x110.jpg 200w\" sizes=\"auto, (max-width: 250px) 100vw, 250px\" \/>M\u00f6\u00f6dunud n\u00e4dalal kirjutas ERR, et erakonnad ja valimisliidud <a title=\"Erakonnad ja valimisliidud ei vaevu oma valimisprogramme v\u00e4lja tooma\" href=\"https:\/\/www.err.ee\/\">ei avalad oma valimisprogramme.<\/a> Mustam\u00e4el saime me peale vaidlusi kokku niisuguse programmi, nagu altpoolt lugeda saab ning see on v\u00e4ljas ka VTK lehel ning lingina Facebookis.<\/p>\n<p>Kindlasti oleks veel paremini saanud aga minu meelest on t\u00e4htsad asjad kirjas.<\/p>\n<p>Minule eriti s\u00fcdamel\u00e4hedane punkti j\u00e4i kahjuks programmist siiski v\u00e4lja, kui Mustam\u00e4ega piisavalt mitte haakuv:<\/p>\n<blockquote><p>Vaba Tallinna Kodanik v\u00e4listab linna(osa) raha eest tehtavad populistlikud teavituskampaaniad ja propagandameedia. Maksumaksja raha kasutamine peab olema eetiline ja l\u00e4bipaistev, ning k\u00f5ik valitsemisega seotud andmed ja dokumendid, mis ei sisalda riigisaladust v\u00f5i delikaatseid isikuandmeid, peavad olema k\u00f5igile soovijatele h\u00f5lpsasti k\u00e4ttesaadavad.<\/p><\/blockquote>\n<p>Aga n\u00fc\u00fcd asja juurde:<\/p>\n<h3>VTK programm Mustam\u00e4el<\/h3>\n<ol>\n<li>Mustam\u00e4e Linnaosa Valitsus peab j\u00e4rgneval tegutsemisperioodil senisest m\u00e4rksa enam p\u00f6\u00f6rama t\u00e4helepanu koost\u00f6\u00f6le Mustam\u00e4e vaba\u00fchingutega. Vaba\u00fchingutega tuleb pidada plaanip\u00e4rast dialoogi, et \u00fchiselt leida h\u00e4id lahendusi linnaosa v\u00e4ljakutsetele: suurem turvalisus, parem transport, laste arengu tagamine, vaesuse leevendamine jne.<br \/>\nLinnaosa valitsusel tuleb leida rohkem rahalisi vahendeid, kompetentsi ja koost\u00f6\u00f6tahet, et finantseerida vaba\u00fchingute tegutsemist v\u00e4ljakutsetele vastamisel ja erinevate sihtr\u00fchmade huvide kaitsel. Ladus koost\u00f6\u00f6 ja t\u00f5hus tugi linnaosa algatusv\u00f5imelistele kogukondadele on kaasaegse j\u00e4tkusuutliku arengu proovikivi ning toetab inimeste soovi elada ja t\u00f6\u00f6tada oma kodumaal.<\/li>\n<li>Tuleb parandada linnaosadevahelist transpordi\u00fchendust. Iga mustam\u00e4elane peab saama suviti ilma \u00fcmberistumiseta Kakum\u00e4e, Stroomi ja Pirita randa. Parema transpordi\u00fchenduse peab looma ka lennujaama ja sadamaga.<\/li>\n<li>Parkimine on linnaosas suur probleem. Tammsaare tee \u00e4\u00e4res olevate garaa\u017eide asemele tuleb teha mitmetasandilised parklad, kus praegused garaa\u017eiomanikud saaksid osaluse.<\/li>\n<li>Bussipeatuste kitsukesed paviljonid on praegu m\u00f5eldud reklaamiandjatele. Nende asemel tuleb ehitada kolm korda suuremad mugavad varjualused, mis kaitsevad vihma, tuule ja lume eest, ning bussipeatuste juurest peavad kaduma silmariivavad vanad kioskid.<\/li>\n<li>Mustam\u00e4e vajab oma hooldekodu. Meie inimesed, kes elanud siin poolsada aastat, ei pea vahetama elukeskkonda, vaid v\u00f5ivad veeta oma vanadusp\u00f5lve armsaks saanud linnaosas. Hooldekodu v\u00f5imalik asukoht on ehitatava EELK Maarja Magdaleena kiriku l\u00e4hedal.<\/li>\n<li>Mustam\u00e4e lastele peab vanemahooldush\u00fcvitise l\u00f5ppedes olema tagatud turvaline ja kodul\u00e4hedane lasteaiakoht, kus j\u00e4tkub voodikohti, kappe ja kasvatajaid k\u00f5igi laste jaoks. Kooli peavad k\u00f5ik lapsed p\u00e4\u00e4sema j\u00e4lle \u00fches vahetuses.<\/li>\n<\/ol>\n<p style=\"text-align: center;\">* * *<\/p>\n<p>Vaba Tallinna Kodaniku \u00fcldised p\u00f5him\u00f5tted on \u00e4ra toodud siin: <a title=\"Valimisliidu Vaba Tallinna Kodanik l\u00e4htekohad 2013. aasta volikogu valimisteks\" href=\"https:\/\/www.vtk.ee\/\">Valimisliidu Vaba Tallinna Kodanik l\u00e4htekohad 2013. aasta volikogu valimisteks<\/a> ja nendele kirjutan ma kahe k\u00e4ega alla.<\/p>\n","protected":false},"excerpt":{"rendered":"<p>M\u00f6\u00f6dunud n\u00e4dalal kirjutas ERR, et erakonnad ja valimisliidud ei avalad oma valimisprogramme. Mustam\u00e4el saime me peale vaidlusi kokku niisuguse programmi, nagu altpoolt lugeda saab ning see on v\u00e4ljas ka VTK lehel ning lingina Facebookis. Kindlasti oleks veel paremini saanud aga<span class=\"ellipsis\">&hellip;<\/span><\/p>\n<div class=\"read-more\"><a href=\"https:\/\/toompark.com\/aarne\/vaba-tallinna-kodanik-mustamael\/\">Loe veel &#8250;<\/a><\/div>\n<p><!-- end of .read-more --><\/p>\n","protected":false},"author":1,"featured_media":15350,"comment_status":"open","ping_status":"open","sticky":false,"template":"","format":"standard","meta":{"_jetpack_memberships_contains_paid_content":false,"footnotes":"","jetpack_publicize_message":"Vaba Tallinna Kodanik Mustam\u00e4el - programm http:\/\/wp.me\/p4ti3-40g","jetpack_publicize_feature_enabled":true,"jetpack_social_post_already_shared":true,"jetpack_social_options":{"image_generator_settings":{"template":"highway","default_image_id":0,"font":"","enabled":false},"version":2}},"categories":[1],"tags":[129,102,9,8,222,82,12,81,67],"class_list":["post-15392","post","type-post","status-publish","format-standard","has-post-thumbnail","hentry","category-aarne-bloog","tag-aarne-toompark","tag-eesti","tag-elu","tag-isetehtud-asjad","tag-kov2013","tag-mustamae","tag-poliitika","tag-tallinn","tag-valimised"],"yoast_head":"<!-- This site is optimized with the Yoast SEO plugin v27.5 - https:\/\/yoast.com\/product\/yoast-seo-wordpress\/ -->\n<title>Vaba Tallinna Kodanik Mustam\u00e4el - Aarne bloog<\/title>\n<meta name=\"robots\" content=\"index, follow, max-snippet:-1, max-image-preview:large, max-video-preview:-1\" \/>\n<link rel=\"canonical\" href=\"https:\/\/toompark.com\/aarne\/vaba-tallinna-kodanik-mustamael\/\" \/>\n<meta property=\"og:locale\" content=\"et_EE\" \/>\n<meta property=\"og:type\" content=\"article\" \/>\n<meta property=\"og:title\" content=\"Vaba Tallinna Kodanik Mustam\u00e4el - Aarne bloog\" \/>\n<meta property=\"og:description\" content=\"M\u00f6\u00f6dunud n\u00e4dalal kirjutas ERR, et erakonnad ja valimisliidud ei avalad oma valimisprogramme. Mustam\u00e4el saime me peale vaidlusi kokku niisuguse programmi, nagu altpoolt lugeda saab ning see on v\u00e4ljas ka VTK lehel ning lingina Facebookis. Kindlasti oleks veel paremini saanud aga&hellip;Loe veel &#8250;\" \/>\n<meta property=\"og:url\" content=\"https:\/\/toompark.com\/aarne\/vaba-tallinna-kodanik-mustamael\/\" \/>\n<meta property=\"og:site_name\" content=\"Aarne bloog\" \/>\n<meta property=\"article:publisher\" content=\"https:\/\/www.facebook.com\/aarne.toompark\" \/>\n<meta property=\"article:author\" content=\"https:\/\/www.facebook.com\/aarne.toompark\" \/>\n<meta property=\"article:published_time\" content=\"2013-09-30T15:06:50+00:00\" \/>\n<meta property=\"article:modified_time\" content=\"2019-09-16T18:15:41+00:00\" \/>\n<meta property=\"og:image\" content=\"https:\/\/i0.wp.com\/toompark.com\/aarne\/wp-content\/uploads\/2013\/09\/vaba-tallinna-kodanik.jpg?fit=250%2C138&ssl=1\" \/>\n\t<meta property=\"og:image:width\" content=\"250\" \/>\n\t<meta property=\"og:image:height\" content=\"138\" \/>\n\t<meta property=\"og:image:type\" content=\"image\/jpeg\" \/>\n<meta name=\"author\" content=\"Aarne\" \/>\n<meta name=\"twitter:card\" content=\"summary_large_image\" \/>\n<meta name=\"twitter:creator\" content=\"@Aarne\" \/>\n<meta name=\"twitter:site\" content=\"@Aarne\" \/>\n<meta name=\"twitter:label1\" content=\"Written by\" \/>\n\t<meta name=\"twitter:data1\" content=\"Aarne\" \/>\n\t<meta name=\"twitter:label2\" content=\"Est. reading time\" \/>\n\t<meta name=\"twitter:data2\" content=\"2 minutit\" \/>\n<script type=\"application\/ld+json\" class=\"yoast-schema-graph\">{\"@context\":\"https:\\\/\\\/schema.org\",\"@graph\":[{\"@type\":\"Article\",\"@id\":\"https:\\\/\\\/toompark.com\\\/aarne\\\/vaba-tallinna-kodanik-mustamael\\\/#article\",\"isPartOf\":{\"@id\":\"https:\\\/\\\/toompark.com\\\/aarne\\\/vaba-tallinna-kodanik-mustamael\\\/\"},\"author\":{\"name\":\"Aarne\",\"@id\":\"https:\\\/\\\/toompark.com\\\/aarne\\\/#\\\/schema\\\/person\\\/cad6a11e0fa62991870721d353fe8b1b\"},\"headline\":\"Vaba Tallinna Kodanik Mustam\u00e4el\",\"datePublished\":\"2013-09-30T15:06:50+00:00\",\"dateModified\":\"2019-09-16T18:15:41+00:00\",\"mainEntityOfPage\":{\"@id\":\"https:\\\/\\\/toompark.com\\\/aarne\\\/vaba-tallinna-kodanik-mustamael\\\/\"},\"wordCount\":416,\"commentCount\":0,\"publisher\":{\"@id\":\"https:\\\/\\\/toompark.com\\\/aarne\\\/#\\\/schema\\\/person\\\/cad6a11e0fa62991870721d353fe8b1b\"},\"image\":{\"@id\":\"https:\\\/\\\/toompark.com\\\/aarne\\\/vaba-tallinna-kodanik-mustamael\\\/#primaryimage\"},\"thumbnailUrl\":\"https:\\\/\\\/toompark.com\\\/aarne\\\/wp-content\\\/uploads\\\/2013\\\/09\\\/vaba-tallinna-kodanik.jpg\",\"keywords\":[\"Aarne Toompark\",\"Eesti\",\"Elu\",\"Isetehtud asjad\",\"KOV2013\",\"Mustam\u00e4e\",\"Poliitika\",\"Tallinn\",\"Valimised\"],\"articleSection\":[\"Aarne bloog\"],\"inLanguage\":\"et\",\"potentialAction\":[{\"@type\":\"CommentAction\",\"name\":\"Comment\",\"target\":[\"https:\\\/\\\/toompark.com\\\/aarne\\\/vaba-tallinna-kodanik-mustamael\\\/#respond\"]}]},{\"@type\":\"WebPage\",\"@id\":\"https:\\\/\\\/toompark.com\\\/aarne\\\/vaba-tallinna-kodanik-mustamael\\\/\",\"url\":\"https:\\\/\\\/toompark.com\\\/aarne\\\/vaba-tallinna-kodanik-mustamael\\\/\",\"name\":\"Vaba Tallinna Kodanik Mustam\u00e4el - Aarne bloog\",\"isPartOf\":{\"@id\":\"https:\\\/\\\/toompark.com\\\/aarne\\\/#website\"},\"primaryImageOfPage\":{\"@id\":\"https:\\\/\\\/toompark.com\\\/aarne\\\/vaba-tallinna-kodanik-mustamael\\\/#primaryimage\"},\"image\":{\"@id\":\"https:\\\/\\\/toompark.com\\\/aarne\\\/vaba-tallinna-kodanik-mustamael\\\/#primaryimage\"},\"thumbnailUrl\":\"https:\\\/\\\/toompark.com\\\/aarne\\\/wp-content\\\/uploads\\\/2013\\\/09\\\/vaba-tallinna-kodanik.jpg\",\"datePublished\":\"2013-09-30T15:06:50+00:00\",\"dateModified\":\"2019-09-16T18:15:41+00:00\",\"breadcrumb\":{\"@id\":\"https:\\\/\\\/toompark.com\\\/aarne\\\/vaba-tallinna-kodanik-mustamael\\\/#breadcrumb\"},\"inLanguage\":\"et\",\"potentialAction\":[{\"@type\":\"ReadAction\",\"target\":[\"https:\\\/\\\/toompark.com\\\/aarne\\\/vaba-tallinna-kodanik-mustamael\\\/\"]}]},{\"@type\":\"ImageObject\",\"inLanguage\":\"et\",\"@id\":\"https:\\\/\\\/toompark.com\\\/aarne\\\/vaba-tallinna-kodanik-mustamael\\\/#primaryimage\",\"url\":\"https:\\\/\\\/toompark.com\\\/aarne\\\/wp-content\\\/uploads\\\/2013\\\/09\\\/vaba-tallinna-kodanik.jpg\",\"contentUrl\":\"https:\\\/\\\/toompark.com\\\/aarne\\\/wp-content\\\/uploads\\\/2013\\\/09\\\/vaba-tallinna-kodanik.jpg\",\"width\":250,\"height\":138,\"caption\":\"Valimisliit Vaba Tallinna Kodanik\"},{\"@type\":\"BreadcrumbList\",\"@id\":\"https:\\\/\\\/toompark.com\\\/aarne\\\/vaba-tallinna-kodanik-mustamael\\\/#breadcrumb\",\"itemListElement\":[{\"@type\":\"ListItem\",\"position\":1,\"name\":\"Home\",\"item\":\"https:\\\/\\\/toompark.com\\\/aarne\\\/\"},{\"@type\":\"ListItem\",\"position\":2,\"name\":\"Aarne bloog\",\"item\":\"https:\\\/\\\/toompark.com\\\/aarne\\\/kategooria\\\/aarne-bloog\\\/\"},{\"@type\":\"ListItem\",\"position\":3,\"name\":\"Vaba Tallinna Kodanik Mustam\u00e4el\"}]},{\"@type\":\"WebSite\",\"@id\":\"https:\\\/\\\/toompark.com\\\/aarne\\\/#website\",\"url\":\"https:\\\/\\\/toompark.com\\\/aarne\\\/\",\"name\":\"Aarne bloog\",\"description\":\"Aarne elu ja tegemised - elu ise\",\"publisher\":{\"@id\":\"https:\\\/\\\/toompark.com\\\/aarne\\\/#\\\/schema\\\/person\\\/cad6a11e0fa62991870721d353fe8b1b\"},\"potentialAction\":[{\"@type\":\"SearchAction\",\"target\":{\"@type\":\"EntryPoint\",\"urlTemplate\":\"https:\\\/\\\/toompark.com\\\/aarne\\\/?s={search_term_string}\"},\"query-input\":{\"@type\":\"PropertyValueSpecification\",\"valueRequired\":true,\"valueName\":\"search_term_string\"}}],\"inLanguage\":\"et\"},{\"@type\":[\"Person\",\"Organization\"],\"@id\":\"https:\\\/\\\/toompark.com\\\/aarne\\\/#\\\/schema\\\/person\\\/cad6a11e0fa62991870721d353fe8b1b\",\"name\":\"Aarne\",\"image\":{\"@type\":\"ImageObject\",\"inLanguage\":\"et\",\"@id\":\"https:\\\/\\\/toompark.com\\\/aarne\\\/wp-content\\\/uploads\\\/2016\\\/11\\\/aarne-toompark.jpg\",\"url\":\"https:\\\/\\\/toompark.com\\\/aarne\\\/wp-content\\\/uploads\\\/2016\\\/11\\\/aarne-toompark.jpg\",\"contentUrl\":\"https:\\\/\\\/toompark.com\\\/aarne\\\/wp-content\\\/uploads\\\/2016\\\/11\\\/aarne-toompark.jpg\",\"width\":500,\"height\":500,\"caption\":\"Aarne\"},\"logo\":{\"@id\":\"https:\\\/\\\/toompark.com\\\/aarne\\\/wp-content\\\/uploads\\\/2016\\\/11\\\/aarne-toompark.jpg\"},\"sameAs\":[\"https:\\\/\\\/toompark.com\\\/aarne\\\/\",\"https:\\\/\\\/www.facebook.com\\\/aarne.toompark\",\"https:\\\/\\\/www.instagram.com\\\/aarnet\\\/\",\"https:\\\/\\\/www.linkedin.com\\\/in\\\/aarnetoompark\\\/\",\"https:\\\/\\\/x.com\\\/Aarne\"],\"url\":\"https:\\\/\\\/toompark.com\\\/aarne\\\/author\\\/aarne\\\/\"}]}<\/script>\n<!-- \/ Yoast SEO plugin. -->","yoast_head_json":{"title":"Vaba Tallinna Kodanik Mustam\u00e4el - Aarne bloog","robots":{"index":"index","follow":"follow","max-snippet":"max-snippet:-1","max-image-preview":"max-image-preview:large","max-video-preview":"max-video-preview:-1"},"canonical":"https:\/\/toompark.com\/aarne\/vaba-tallinna-kodanik-mustamael\/","og_locale":"et_EE","og_type":"article","og_title":"Vaba Tallinna Kodanik Mustam\u00e4el - Aarne bloog","og_description":"M\u00f6\u00f6dunud n\u00e4dalal kirjutas ERR, et erakonnad ja valimisliidud ei avalad oma valimisprogramme. Mustam\u00e4el saime me peale vaidlusi kokku niisuguse programmi, nagu altpoolt lugeda saab ning see on v\u00e4ljas ka VTK lehel ning lingina Facebookis. Kindlasti oleks veel paremini saanud aga&hellip;Loe veel &#8250;","og_url":"https:\/\/toompark.com\/aarne\/vaba-tallinna-kodanik-mustamael\/","og_site_name":"Aarne bloog","article_publisher":"https:\/\/www.facebook.com\/aarne.toompark","article_author":"https:\/\/www.facebook.com\/aarne.toompark","article_published_time":"2013-09-30T15:06:50+00:00","article_modified_time":"2019-09-16T18:15:41+00:00","og_image":[{"width":250,"height":138,"url":"https:\/\/i0.wp.com\/toompark.com\/aarne\/wp-content\/uploads\/2013\/09\/vaba-tallinna-kodanik.jpg?fit=250%2C138&ssl=1","type":"image\/jpeg"}],"author":"Aarne","twitter_card":"summary_large_image","twitter_creator":"@Aarne","twitter_site":"@Aarne","twitter_misc":{"Written by":"Aarne","Est. reading time":"2 minutit"},"schema":{"@context":"https:\/\/schema.org","@graph":[{"@type":"Article","@id":"https:\/\/toompark.com\/aarne\/vaba-tallinna-kodanik-mustamael\/#article","isPartOf":{"@id":"https:\/\/toompark.com\/aarne\/vaba-tallinna-kodanik-mustamael\/"},"author":{"name":"Aarne","@id":"https:\/\/toompark.com\/aarne\/#\/schema\/person\/cad6a11e0fa62991870721d353fe8b1b"},"headline":"Vaba Tallinna Kodanik Mustam\u00e4el","datePublished":"2013-09-30T15:06:50+00:00","dateModified":"2019-09-16T18:15:41+00:00","mainEntityOfPage":{"@id":"https:\/\/toompark.com\/aarne\/vaba-tallinna-kodanik-mustamael\/"},"wordCount":416,"commentCount":0,"publisher":{"@id":"https:\/\/toompark.com\/aarne\/#\/schema\/person\/cad6a11e0fa62991870721d353fe8b1b"},"image":{"@id":"https:\/\/toompark.com\/aarne\/vaba-tallinna-kodanik-mustamael\/#primaryimage"},"thumbnailUrl":"https:\/\/toompark.com\/aarne\/wp-content\/uploads\/2013\/09\/vaba-tallinna-kodanik.jpg","keywords":["Aarne Toompark","Eesti","Elu","Isetehtud asjad","KOV2013","Mustam\u00e4e","Poliitika","Tallinn","Valimised"],"articleSection":["Aarne bloog"],"inLanguage":"et","potentialAction":[{"@type":"CommentAction","name":"Comment","target":["https:\/\/toompark.com\/aarne\/vaba-tallinna-kodanik-mustamael\/#respond"]}]},{"@type":"WebPage","@id":"https:\/\/toompark.com\/aarne\/vaba-tallinna-kodanik-mustamael\/","url":"https:\/\/toompark.com\/aarne\/vaba-tallinna-kodanik-mustamael\/","name":"Vaba Tallinna Kodanik Mustam\u00e4el - Aarne bloog","isPartOf":{"@id":"https:\/\/toompark.com\/aarne\/#website"},"primaryImageOfPage":{"@id":"https:\/\/toompark.com\/aarne\/vaba-tallinna-kodanik-mustamael\/#primaryimage"},"image":{"@id":"https:\/\/toompark.com\/aarne\/vaba-tallinna-kodanik-mustamael\/#primaryimage"},"thumbnailUrl":"https:\/\/toompark.com\/aarne\/wp-content\/uploads\/2013\/09\/vaba-tallinna-kodanik.jpg","datePublished":"2013-09-30T15:06:50+00:00","dateModified":"2019-09-16T18:15:41+00:00","breadcrumb":{"@id":"https:\/\/toompark.com\/aarne\/vaba-tallinna-kodanik-mustamael\/#breadcrumb"},"inLanguage":"et","potentialAction":[{"@type":"ReadAction","target":["https:\/\/toompark.com\/aarne\/vaba-tallinna-kodanik-mustamael\/"]}]},{"@type":"ImageObject","inLanguage":"et","@id":"https:\/\/toompark.com\/aarne\/vaba-tallinna-kodanik-mustamael\/#primaryimage","url":"https:\/\/toompark.com\/aarne\/wp-content\/uploads\/2013\/09\/vaba-tallinna-kodanik.jpg","contentUrl":"https:\/\/toompark.com\/aarne\/wp-content\/uploads\/2013\/09\/vaba-tallinna-kodanik.jpg","width":250,"height":138,"caption":"Valimisliit Vaba Tallinna Kodanik"},{"@type":"BreadcrumbList","@id":"https:\/\/toompark.com\/aarne\/vaba-tallinna-kodanik-mustamael\/#breadcrumb","itemListElement":[{"@type":"ListItem","position":1,"name":"Home","item":"https:\/\/toompark.com\/aarne\/"},{"@type":"ListItem","position":2,"name":"Aarne bloog","item":"https:\/\/toompark.com\/aarne\/kategooria\/aarne-bloog\/"},{"@type":"ListItem","position":3,"name":"Vaba Tallinna Kodanik Mustam\u00e4el"}]},{"@type":"WebSite","@id":"https:\/\/toompark.com\/aarne\/#website","url":"https:\/\/toompark.com\/aarne\/","name":"Aarne bloog","description":"Aarne elu ja tegemised - elu ise","publisher":{"@id":"https:\/\/toompark.com\/aarne\/#\/schema\/person\/cad6a11e0fa62991870721d353fe8b1b"},"potentialAction":[{"@type":"SearchAction","target":{"@type":"EntryPoint","urlTemplate":"https:\/\/toompark.com\/aarne\/?s={search_term_string}"},"query-input":{"@type":"PropertyValueSpecification","valueRequired":true,"valueName":"search_term_string"}}],"inLanguage":"et"},{"@type":["Person","Organization"],"@id":"https:\/\/toompark.com\/aarne\/#\/schema\/person\/cad6a11e0fa62991870721d353fe8b1b","name":"Aarne","image":{"@type":"ImageObject","inLanguage":"et","@id":"https:\/\/toompark.com\/aarne\/wp-content\/uploads\/2016\/11\/aarne-toompark.jpg","url":"https:\/\/toompark.com\/aarne\/wp-content\/uploads\/2016\/11\/aarne-toompark.jpg","contentUrl":"https:\/\/toompark.com\/aarne\/wp-content\/uploads\/2016\/11\/aarne-toompark.jpg","width":500,"height":500,"caption":"Aarne"},"logo":{"@id":"https:\/\/toompark.com\/aarne\/wp-content\/uploads\/2016\/11\/aarne-toompark.jpg"},"sameAs":["https:\/\/toompark.com\/aarne\/","https:\/\/www.facebook.com\/aarne.toompark","https:\/\/www.instagram.com\/aarnet\/","https:\/\/www.linkedin.com\/in\/aarnetoompark\/","https:\/\/x.com\/Aarne"],"url":"https:\/\/toompark.com\/aarne\/author\/aarne\/"}]}},"jetpack_publicize_connections":[],"jetpack_featured_media_url":"https:\/\/toompark.com\/aarne\/wp-content\/uploads\/2013\/09\/vaba-tallinna-kodanik.jpg","jetpack_sharing_enabled":true,"jetpack_shortlink":"https:\/\/wp.me\/p4ti3-40g","_links":{"self":[{"href":"https:\/\/toompark.com\/aarne\/wp-json\/wp\/v2\/posts\/15392","targetHints":{"allow":["GET"]}}],"collection":[{"href":"https:\/\/toompark.com\/aarne\/wp-json\/wp\/v2\/posts"}],"about":[{"href":"https:\/\/toompark.com\/aarne\/wp-json\/wp\/v2\/types\/post"}],"author":[{"embeddable":true,"href":"https:\/\/toompark.com\/aarne\/wp-json\/wp\/v2\/users\/1"}],"replies":[{"embeddable":true,"href":"https:\/\/toompark.com\/aarne\/wp-json\/wp\/v2\/comments?post=15392"}],"version-history":[{"count":0,"href":"https:\/\/toompark.com\/aarne\/wp-json\/wp\/v2\/posts\/15392\/revisions"}],"wp:featuredmedia":[{"embeddable":true,"href":"https:\/\/toompark.com\/aarne\/wp-json\/wp\/v2\/media\/15350"}],"wp:attachment":[{"href":"https:\/\/toompark.com\/aarne\/wp-json\/wp\/v2\/media?parent=15392"}],"wp:term":[{"taxonomy":"category","embeddable":true,"href":"https:\/\/toompark.com\/aarne\/wp-json\/wp\/v2\/categories?post=15392"},{"taxonomy":"post_tag","embeddable":true,"href":"https:\/\/toompark.com\/aarne\/wp-json\/wp\/v2\/tags?post=15392"}],"curies":[{"name":"wp","href":"https:\/\/api.w.org\/{rel}","templated":true}]}}