{"id":15703,"date":"2014-07-09T23:53:43","date_gmt":"2014-07-09T20:53:43","guid":{"rendered":"https:\/\/toompark.com\/aarne\/?p=15703"},"modified":"2014-07-10T07:33:45","modified_gmt":"2014-07-10T04:33:45","slug":"paevad-kiirelt-mooduvad","status":"publish","type":"post","link":"https:\/\/toompark.com\/aarne\/paevad-kiirelt-mooduvad\/","title":{"rendered":"P\u00e4evad kiirelt m\u00f6\u00f6duvad"},"content":{"rendered":"<p><img loading=\"lazy\" decoding=\"async\" class=\"alignright size-full wp-image-15706\" src=\"https:\/\/toompark.com\/aarne\/wp-content\/uploads\/2014\/07\/teeme-nii.jpg\" alt=\"Nii mee teeme\" width=\"250\" height=\"333\" align=\"right\" hspace=\"5\" srcset=\"https:\/\/toompark.com\/aarne\/wp-content\/uploads\/2014\/07\/teeme-nii.jpg 250w, https:\/\/toompark.com\/aarne\/wp-content\/uploads\/2014\/07\/teeme-nii-225x300.jpg 225w, https:\/\/toompark.com\/aarne\/wp-content\/uploads\/2014\/07\/teeme-nii-100x133.jpg 100w, https:\/\/toompark.com\/aarne\/wp-content\/uploads\/2014\/07\/teeme-nii-150x200.jpg 150w, https:\/\/toompark.com\/aarne\/wp-content\/uploads\/2014\/07\/teeme-nii-200x266.jpg 200w\" sizes=\"auto, (max-width: 250px) 100vw, 250px\" \/>Juulikuus millagi, t\u00e4pset kuup\u00e4eva ei m\u00e4leta ja taastada pole ka enam millegi j\u00e4rgi, saab 25 aastat sellest, kui ma oma kaasat esimest korda elus kohtasin. Me ei suhelnud sellel p\u00e4eval omavahel kuidagi aga vanu m\u00e4lestusi meenutades on selgunud, et meil m\u00f5lemal on see p\u00e4ev meeles. Meil on selle kohta natuke erinevad versioonid aga \u00fcldjoontes langevad need kokku. E\u00d5M 1989 oli see koht, kus kohtusime.<\/p>\n<p>Eile sai ka umbkaudu 7 850 p\u00e4eva\u00a0 sellest ajast, kui me kaasaga \"k\u00e4ima hakkasime\".\u00a0 08.01.1993 (reede) v\u00f5is see t\u00e4pne p\u00e4ev olla aga \u00e4kki oli n\u00e4dal hiljem, \u00e4kki oli hoopis laup\u00e4ev. Igatahes, me loeme \"k\u00e4imisaastaid\" just sellest p\u00e4evast ja\/v\u00f5i p\u00e4ev hilisemast. Kohtusime \u00fchise s\u00f5bra s\u00fcnnip\u00e4eval ja me pole kindlad, kas ta pidas oma s\u00fcnnip\u00e4eva reedel v\u00f5i laup\u00e4eval. Ait\u00e4h, kallis s\u00f5ber, et sa meid m\u00f5lemaid pittu kutsusid ja et see pidu just nii l\u00e4ks. Kes oleks v\u00f5inud arvata, et sellest elumuutus saab.<\/p>\n<p>Vanem t\u00fctar oli eile 6 662 p\u00e4eva vana. Piisavalt suur number, et ise oma asjade \u00fcle otsustada, piisav, et isa saaks poodi \u00f5lle j\u00e4rele saata, piisav valimask\u00e4imiseks. Pisimuredest hoolimatta tunnen vaid uhkust ta \u00fcle. P\u00f5hjusega tunnen, sest aukirju pole talle v\u00e4ljastanud mitte ainult Eesti v\u00e4ejuhatus vaid ka v\u00e4lismaised. Autoparandus ja koolilehe tegemine pole talle probleemiks. Kooli isetegevuskavad oleks ilma tema sekkumiseta igavad. Kui ma teaks, millega ta hakkama ei saa, siis ma paneks seda tegema aga praegu pole \u00fchtki niisugust mittehakkamasaamist silmapiiril.<\/p>\n<p>Eilse seisuga olin ma 4 500 p\u00e4eva seaduslikus abielus olnud. P\u00e4evi hakkasin lugema siis, kui \u00fcsna vastabiellununa \u00e4ia-\u00e4mma \u00fcht \u00fcmaramat pulmaaastap\u00e4eva aitasin t\u00e4histada ja selgus, et enda kaasaga koosveedetud aastanumbrid on alles v\u00e4ikesed. Siis kirjutasingi \u00fchte Exceli tabelisse, mida ma igap\u00e4evaselt avan, vabasse lahtrisse \u00fche valemi, mis neid p\u00e4evi loeb. Sellest lahtrin\u00e4idu \u00fcmmargusest numbrist ka see postitus.<\/p>\n<p>Noorem t\u00fctar oli meil eile 4 397 p\u00e4eva noor. Hea \u00f5ppeedukuse eest v\u00f5ib nii m\u00f5nigi koolikiituse saada aga temal on lisaks loogiline m\u00f5tlemine ja paganama hea k\u00e4eline tegevus. Tunnen tunnet, et mu pliks l\u00f6\u00f6b \u00e4mma kunagi p\u00fcstitatud tulemused ja rekordid \u00fcle (\u00e4mm sai noorestpeast \"NSVL parim noor kondiiter\" tiitli). Mu t\u00fctar teeb seda lihtsalt siuh-viuh.<\/p>\n<p>P\u00e4evad muudkui m\u00f6\u00f6duvad.<\/p>\n","protected":false},"excerpt":{"rendered":"<p>Juulikuus millagi, t\u00e4pset kuup\u00e4eva ei m\u00e4leta ja taastada pole ka enam millegi j\u00e4rgi, saab 25 aastat sellest, kui ma oma kaasat esimest korda elus kohtasin. Me ei suhelnud sellel p\u00e4eval omavahel kuidagi aga vanu m\u00e4lestusi meenutades on selgunud, et meil<span class=\"ellipsis\">&hellip;<\/span><\/p>\n<div class=\"read-more\"><a href=\"https:\/\/toompark.com\/aarne\/paevad-kiirelt-mooduvad\/\">Loe veel &#8250;<\/a><\/div>\n<p><!-- end of .read-more --><\/p>\n","protected":false},"author":1,"featured_media":15706,"comment_status":"open","ping_status":"open","sticky":false,"template":"","format":"standard","meta":{"_jetpack_memberships_contains_paid_content":false,"footnotes":"","jetpack_publicize_message":"","jetpack_publicize_feature_enabled":true,"jetpack_social_post_already_shared":true,"jetpack_social_options":{"image_generator_settings":{"template":"highway","default_image_id":0,"font":"","enabled":false},"version":2}},"categories":[1],"tags":[9,138,8,4,139,103,14],"class_list":["post-15703","post","type-post","status-publish","format-standard","has-post-thumbnail","hentry","category-aarne-bloog","tag-elu","tag-helina","tag-isetehtud-asjad","tag-kodu","tag-mariann","tag-pilt","tag-tahtpaevad"],"yoast_head":"<!-- This site is optimized with the Yoast SEO plugin v27.4 - https:\/\/yoast.com\/product\/yoast-seo-wordpress\/ -->\n<title>P\u00e4evad kiirelt m\u00f6\u00f6duvad - Aarne bloog<\/title>\n<meta name=\"robots\" content=\"index, follow, max-snippet:-1, max-image-preview:large, max-video-preview:-1\" \/>\n<link rel=\"canonical\" href=\"https:\/\/toompark.com\/aarne\/paevad-kiirelt-mooduvad\/\" \/>\n<meta property=\"og:locale\" content=\"et_EE\" \/>\n<meta property=\"og:type\" content=\"article\" \/>\n<meta property=\"og:title\" content=\"P\u00e4evad kiirelt m\u00f6\u00f6duvad - Aarne bloog\" \/>\n<meta property=\"og:description\" content=\"Juulikuus millagi, t\u00e4pset kuup\u00e4eva ei m\u00e4leta ja taastada pole ka enam millegi j\u00e4rgi, saab 25 aastat sellest, kui ma oma kaasat esimest korda elus kohtasin. Me ei suhelnud sellel p\u00e4eval omavahel kuidagi aga vanu m\u00e4lestusi meenutades on selgunud, et meil&hellip;Loe veel &#8250;\" \/>\n<meta property=\"og:url\" content=\"https:\/\/toompark.com\/aarne\/paevad-kiirelt-mooduvad\/\" \/>\n<meta property=\"og:site_name\" content=\"Aarne bloog\" \/>\n<meta property=\"article:publisher\" content=\"https:\/\/www.facebook.com\/aarne.toompark\" \/>\n<meta property=\"article:author\" content=\"https:\/\/www.facebook.com\/aarne.toompark\" \/>\n<meta property=\"article:published_time\" content=\"2014-07-09T20:53:43+00:00\" \/>\n<meta property=\"article:modified_time\" content=\"2014-07-10T04:33:45+00:00\" \/>\n<meta property=\"og:image\" content=\"https:\/\/i0.wp.com\/toompark.com\/aarne\/wp-content\/uploads\/2014\/07\/teeme-nii.jpg?fit=250%2C333&ssl=1\" \/>\n\t<meta property=\"og:image:width\" content=\"250\" \/>\n\t<meta property=\"og:image:height\" content=\"333\" \/>\n\t<meta property=\"og:image:type\" content=\"image\/jpeg\" \/>\n<meta name=\"author\" content=\"Aarne\" \/>\n<meta name=\"twitter:card\" content=\"summary_large_image\" \/>\n<meta name=\"twitter:creator\" content=\"@Aarne\" \/>\n<meta name=\"twitter:site\" content=\"@Aarne\" \/>\n<meta name=\"twitter:label1\" content=\"Written by\" \/>\n\t<meta name=\"twitter:data1\" content=\"Aarne\" \/>\n\t<meta name=\"twitter:label2\" content=\"Est. reading time\" \/>\n\t<meta name=\"twitter:data2\" content=\"2 minutit\" \/>\n<script type=\"application\/ld+json\" class=\"yoast-schema-graph\">{\"@context\":\"https:\\\/\\\/schema.org\",\"@graph\":[{\"@type\":\"Article\",\"@id\":\"https:\\\/\\\/toompark.com\\\/aarne\\\/paevad-kiirelt-mooduvad\\\/#article\",\"isPartOf\":{\"@id\":\"https:\\\/\\\/toompark.com\\\/aarne\\\/paevad-kiirelt-mooduvad\\\/\"},\"author\":{\"name\":\"Aarne\",\"@id\":\"https:\\\/\\\/toompark.com\\\/aarne\\\/#\\\/schema\\\/person\\\/cad6a11e0fa62991870721d353fe8b1b\"},\"headline\":\"P\u00e4evad kiirelt m\u00f6\u00f6duvad\",\"datePublished\":\"2014-07-09T20:53:43+00:00\",\"dateModified\":\"2014-07-10T04:33:45+00:00\",\"mainEntityOfPage\":{\"@id\":\"https:\\\/\\\/toompark.com\\\/aarne\\\/paevad-kiirelt-mooduvad\\\/\"},\"wordCount\":396,\"commentCount\":0,\"publisher\":{\"@id\":\"https:\\\/\\\/toompark.com\\\/aarne\\\/#\\\/schema\\\/person\\\/cad6a11e0fa62991870721d353fe8b1b\"},\"image\":{\"@id\":\"https:\\\/\\\/toompark.com\\\/aarne\\\/paevad-kiirelt-mooduvad\\\/#primaryimage\"},\"thumbnailUrl\":\"https:\\\/\\\/toompark.com\\\/aarne\\\/wp-content\\\/uploads\\\/2014\\\/07\\\/teeme-nii.jpg\",\"keywords\":[\"Elu\",\"Helina\",\"Isetehtud asjad\",\"Kodu\",\"Mariann\",\"Pilt\",\"T\u00e4htp\u00e4evad\"],\"articleSection\":[\"Aarne bloog\"],\"inLanguage\":\"et\",\"potentialAction\":[{\"@type\":\"CommentAction\",\"name\":\"Comment\",\"target\":[\"https:\\\/\\\/toompark.com\\\/aarne\\\/paevad-kiirelt-mooduvad\\\/#respond\"]}]},{\"@type\":\"WebPage\",\"@id\":\"https:\\\/\\\/toompark.com\\\/aarne\\\/paevad-kiirelt-mooduvad\\\/\",\"url\":\"https:\\\/\\\/toompark.com\\\/aarne\\\/paevad-kiirelt-mooduvad\\\/\",\"name\":\"P\u00e4evad kiirelt m\u00f6\u00f6duvad - Aarne bloog\",\"isPartOf\":{\"@id\":\"https:\\\/\\\/toompark.com\\\/aarne\\\/#website\"},\"primaryImageOfPage\":{\"@id\":\"https:\\\/\\\/toompark.com\\\/aarne\\\/paevad-kiirelt-mooduvad\\\/#primaryimage\"},\"image\":{\"@id\":\"https:\\\/\\\/toompark.com\\\/aarne\\\/paevad-kiirelt-mooduvad\\\/#primaryimage\"},\"thumbnailUrl\":\"https:\\\/\\\/toompark.com\\\/aarne\\\/wp-content\\\/uploads\\\/2014\\\/07\\\/teeme-nii.jpg\",\"datePublished\":\"2014-07-09T20:53:43+00:00\",\"dateModified\":\"2014-07-10T04:33:45+00:00\",\"breadcrumb\":{\"@id\":\"https:\\\/\\\/toompark.com\\\/aarne\\\/paevad-kiirelt-mooduvad\\\/#breadcrumb\"},\"inLanguage\":\"et\",\"potentialAction\":[{\"@type\":\"ReadAction\",\"target\":[\"https:\\\/\\\/toompark.com\\\/aarne\\\/paevad-kiirelt-mooduvad\\\/\"]}]},{\"@type\":\"ImageObject\",\"inLanguage\":\"et\",\"@id\":\"https:\\\/\\\/toompark.com\\\/aarne\\\/paevad-kiirelt-mooduvad\\\/#primaryimage\",\"url\":\"https:\\\/\\\/toompark.com\\\/aarne\\\/wp-content\\\/uploads\\\/2014\\\/07\\\/teeme-nii.jpg\",\"contentUrl\":\"https:\\\/\\\/toompark.com\\\/aarne\\\/wp-content\\\/uploads\\\/2014\\\/07\\\/teeme-nii.jpg\",\"width\":250,\"height\":333,\"caption\":\"Nii mee teeme\"},{\"@type\":\"BreadcrumbList\",\"@id\":\"https:\\\/\\\/toompark.com\\\/aarne\\\/paevad-kiirelt-mooduvad\\\/#breadcrumb\",\"itemListElement\":[{\"@type\":\"ListItem\",\"position\":1,\"name\":\"Home\",\"item\":\"https:\\\/\\\/toompark.com\\\/aarne\\\/\"},{\"@type\":\"ListItem\",\"position\":2,\"name\":\"Aarne bloog\",\"item\":\"https:\\\/\\\/toompark.com\\\/aarne\\\/kategooria\\\/aarne-bloog\\\/\"},{\"@type\":\"ListItem\",\"position\":3,\"name\":\"P\u00e4evad kiirelt m\u00f6\u00f6duvad\"}]},{\"@type\":\"WebSite\",\"@id\":\"https:\\\/\\\/toompark.com\\\/aarne\\\/#website\",\"url\":\"https:\\\/\\\/toompark.com\\\/aarne\\\/\",\"name\":\"Aarne bloog\",\"description\":\"Aarne elu ja tegemised - elu ise\",\"publisher\":{\"@id\":\"https:\\\/\\\/toompark.com\\\/aarne\\\/#\\\/schema\\\/person\\\/cad6a11e0fa62991870721d353fe8b1b\"},\"potentialAction\":[{\"@type\":\"SearchAction\",\"target\":{\"@type\":\"EntryPoint\",\"urlTemplate\":\"https:\\\/\\\/toompark.com\\\/aarne\\\/?s={search_term_string}\"},\"query-input\":{\"@type\":\"PropertyValueSpecification\",\"valueRequired\":true,\"valueName\":\"search_term_string\"}}],\"inLanguage\":\"et\"},{\"@type\":[\"Person\",\"Organization\"],\"@id\":\"https:\\\/\\\/toompark.com\\\/aarne\\\/#\\\/schema\\\/person\\\/cad6a11e0fa62991870721d353fe8b1b\",\"name\":\"Aarne\",\"image\":{\"@type\":\"ImageObject\",\"inLanguage\":\"et\",\"@id\":\"https:\\\/\\\/toompark.com\\\/aarne\\\/wp-content\\\/uploads\\\/2016\\\/11\\\/aarne-toompark.jpg\",\"url\":\"https:\\\/\\\/toompark.com\\\/aarne\\\/wp-content\\\/uploads\\\/2016\\\/11\\\/aarne-toompark.jpg\",\"contentUrl\":\"https:\\\/\\\/toompark.com\\\/aarne\\\/wp-content\\\/uploads\\\/2016\\\/11\\\/aarne-toompark.jpg\",\"width\":500,\"height\":500,\"caption\":\"Aarne\"},\"logo\":{\"@id\":\"https:\\\/\\\/toompark.com\\\/aarne\\\/wp-content\\\/uploads\\\/2016\\\/11\\\/aarne-toompark.jpg\"},\"sameAs\":[\"https:\\\/\\\/toompark.com\\\/aarne\\\/\",\"https:\\\/\\\/www.facebook.com\\\/aarne.toompark\",\"https:\\\/\\\/www.instagram.com\\\/aarnet\\\/\",\"https:\\\/\\\/www.linkedin.com\\\/in\\\/aarnetoompark\\\/\",\"https:\\\/\\\/x.com\\\/Aarne\"],\"url\":\"https:\\\/\\\/toompark.com\\\/aarne\\\/author\\\/aarne\\\/\"}]}<\/script>\n<!-- \/ Yoast SEO plugin. -->","yoast_head_json":{"title":"P\u00e4evad kiirelt m\u00f6\u00f6duvad - Aarne bloog","robots":{"index":"index","follow":"follow","max-snippet":"max-snippet:-1","max-image-preview":"max-image-preview:large","max-video-preview":"max-video-preview:-1"},"canonical":"https:\/\/toompark.com\/aarne\/paevad-kiirelt-mooduvad\/","og_locale":"et_EE","og_type":"article","og_title":"P\u00e4evad kiirelt m\u00f6\u00f6duvad - Aarne bloog","og_description":"Juulikuus millagi, t\u00e4pset kuup\u00e4eva ei m\u00e4leta ja taastada pole ka enam millegi j\u00e4rgi, saab 25 aastat sellest, kui ma oma kaasat esimest korda elus kohtasin. Me ei suhelnud sellel p\u00e4eval omavahel kuidagi aga vanu m\u00e4lestusi meenutades on selgunud, et meil&hellip;Loe veel &#8250;","og_url":"https:\/\/toompark.com\/aarne\/paevad-kiirelt-mooduvad\/","og_site_name":"Aarne bloog","article_publisher":"https:\/\/www.facebook.com\/aarne.toompark","article_author":"https:\/\/www.facebook.com\/aarne.toompark","article_published_time":"2014-07-09T20:53:43+00:00","article_modified_time":"2014-07-10T04:33:45+00:00","og_image":[{"width":250,"height":333,"url":"https:\/\/i0.wp.com\/toompark.com\/aarne\/wp-content\/uploads\/2014\/07\/teeme-nii.jpg?fit=250%2C333&ssl=1","type":"image\/jpeg"}],"author":"Aarne","twitter_card":"summary_large_image","twitter_creator":"@Aarne","twitter_site":"@Aarne","twitter_misc":{"Written by":"Aarne","Est. reading time":"2 minutit"},"schema":{"@context":"https:\/\/schema.org","@graph":[{"@type":"Article","@id":"https:\/\/toompark.com\/aarne\/paevad-kiirelt-mooduvad\/#article","isPartOf":{"@id":"https:\/\/toompark.com\/aarne\/paevad-kiirelt-mooduvad\/"},"author":{"name":"Aarne","@id":"https:\/\/toompark.com\/aarne\/#\/schema\/person\/cad6a11e0fa62991870721d353fe8b1b"},"headline":"P\u00e4evad kiirelt m\u00f6\u00f6duvad","datePublished":"2014-07-09T20:53:43+00:00","dateModified":"2014-07-10T04:33:45+00:00","mainEntityOfPage":{"@id":"https:\/\/toompark.com\/aarne\/paevad-kiirelt-mooduvad\/"},"wordCount":396,"commentCount":0,"publisher":{"@id":"https:\/\/toompark.com\/aarne\/#\/schema\/person\/cad6a11e0fa62991870721d353fe8b1b"},"image":{"@id":"https:\/\/toompark.com\/aarne\/paevad-kiirelt-mooduvad\/#primaryimage"},"thumbnailUrl":"https:\/\/toompark.com\/aarne\/wp-content\/uploads\/2014\/07\/teeme-nii.jpg","keywords":["Elu","Helina","Isetehtud asjad","Kodu","Mariann","Pilt","T\u00e4htp\u00e4evad"],"articleSection":["Aarne bloog"],"inLanguage":"et","potentialAction":[{"@type":"CommentAction","name":"Comment","target":["https:\/\/toompark.com\/aarne\/paevad-kiirelt-mooduvad\/#respond"]}]},{"@type":"WebPage","@id":"https:\/\/toompark.com\/aarne\/paevad-kiirelt-mooduvad\/","url":"https:\/\/toompark.com\/aarne\/paevad-kiirelt-mooduvad\/","name":"P\u00e4evad kiirelt m\u00f6\u00f6duvad - Aarne bloog","isPartOf":{"@id":"https:\/\/toompark.com\/aarne\/#website"},"primaryImageOfPage":{"@id":"https:\/\/toompark.com\/aarne\/paevad-kiirelt-mooduvad\/#primaryimage"},"image":{"@id":"https:\/\/toompark.com\/aarne\/paevad-kiirelt-mooduvad\/#primaryimage"},"thumbnailUrl":"https:\/\/toompark.com\/aarne\/wp-content\/uploads\/2014\/07\/teeme-nii.jpg","datePublished":"2014-07-09T20:53:43+00:00","dateModified":"2014-07-10T04:33:45+00:00","breadcrumb":{"@id":"https:\/\/toompark.com\/aarne\/paevad-kiirelt-mooduvad\/#breadcrumb"},"inLanguage":"et","potentialAction":[{"@type":"ReadAction","target":["https:\/\/toompark.com\/aarne\/paevad-kiirelt-mooduvad\/"]}]},{"@type":"ImageObject","inLanguage":"et","@id":"https:\/\/toompark.com\/aarne\/paevad-kiirelt-mooduvad\/#primaryimage","url":"https:\/\/toompark.com\/aarne\/wp-content\/uploads\/2014\/07\/teeme-nii.jpg","contentUrl":"https:\/\/toompark.com\/aarne\/wp-content\/uploads\/2014\/07\/teeme-nii.jpg","width":250,"height":333,"caption":"Nii mee teeme"},{"@type":"BreadcrumbList","@id":"https:\/\/toompark.com\/aarne\/paevad-kiirelt-mooduvad\/#breadcrumb","itemListElement":[{"@type":"ListItem","position":1,"name":"Home","item":"https:\/\/toompark.com\/aarne\/"},{"@type":"ListItem","position":2,"name":"Aarne bloog","item":"https:\/\/toompark.com\/aarne\/kategooria\/aarne-bloog\/"},{"@type":"ListItem","position":3,"name":"P\u00e4evad kiirelt m\u00f6\u00f6duvad"}]},{"@type":"WebSite","@id":"https:\/\/toompark.com\/aarne\/#website","url":"https:\/\/toompark.com\/aarne\/","name":"Aarne bloog","description":"Aarne elu ja tegemised - elu ise","publisher":{"@id":"https:\/\/toompark.com\/aarne\/#\/schema\/person\/cad6a11e0fa62991870721d353fe8b1b"},"potentialAction":[{"@type":"SearchAction","target":{"@type":"EntryPoint","urlTemplate":"https:\/\/toompark.com\/aarne\/?s={search_term_string}"},"query-input":{"@type":"PropertyValueSpecification","valueRequired":true,"valueName":"search_term_string"}}],"inLanguage":"et"},{"@type":["Person","Organization"],"@id":"https:\/\/toompark.com\/aarne\/#\/schema\/person\/cad6a11e0fa62991870721d353fe8b1b","name":"Aarne","image":{"@type":"ImageObject","inLanguage":"et","@id":"https:\/\/toompark.com\/aarne\/wp-content\/uploads\/2016\/11\/aarne-toompark.jpg","url":"https:\/\/toompark.com\/aarne\/wp-content\/uploads\/2016\/11\/aarne-toompark.jpg","contentUrl":"https:\/\/toompark.com\/aarne\/wp-content\/uploads\/2016\/11\/aarne-toompark.jpg","width":500,"height":500,"caption":"Aarne"},"logo":{"@id":"https:\/\/toompark.com\/aarne\/wp-content\/uploads\/2016\/11\/aarne-toompark.jpg"},"sameAs":["https:\/\/toompark.com\/aarne\/","https:\/\/www.facebook.com\/aarne.toompark","https:\/\/www.instagram.com\/aarnet\/","https:\/\/www.linkedin.com\/in\/aarnetoompark\/","https:\/\/x.com\/Aarne"],"url":"https:\/\/toompark.com\/aarne\/author\/aarne\/"}]}},"jetpack_publicize_connections":[],"jetpack_featured_media_url":"https:\/\/toompark.com\/aarne\/wp-content\/uploads\/2014\/07\/teeme-nii.jpg","jetpack_sharing_enabled":true,"jetpack_shortlink":"https:\/\/wp.me\/p4ti3-45h","_links":{"self":[{"href":"https:\/\/toompark.com\/aarne\/wp-json\/wp\/v2\/posts\/15703","targetHints":{"allow":["GET"]}}],"collection":[{"href":"https:\/\/toompark.com\/aarne\/wp-json\/wp\/v2\/posts"}],"about":[{"href":"https:\/\/toompark.com\/aarne\/wp-json\/wp\/v2\/types\/post"}],"author":[{"embeddable":true,"href":"https:\/\/toompark.com\/aarne\/wp-json\/wp\/v2\/users\/1"}],"replies":[{"embeddable":true,"href":"https:\/\/toompark.com\/aarne\/wp-json\/wp\/v2\/comments?post=15703"}],"version-history":[{"count":0,"href":"https:\/\/toompark.com\/aarne\/wp-json\/wp\/v2\/posts\/15703\/revisions"}],"wp:featuredmedia":[{"embeddable":true,"href":"https:\/\/toompark.com\/aarne\/wp-json\/wp\/v2\/media\/15706"}],"wp:attachment":[{"href":"https:\/\/toompark.com\/aarne\/wp-json\/wp\/v2\/media?parent=15703"}],"wp:term":[{"taxonomy":"category","embeddable":true,"href":"https:\/\/toompark.com\/aarne\/wp-json\/wp\/v2\/categories?post=15703"},{"taxonomy":"post_tag","embeddable":true,"href":"https:\/\/toompark.com\/aarne\/wp-json\/wp\/v2\/tags?post=15703"}],"curies":[{"name":"wp","href":"https:\/\/api.w.org\/{rel}","templated":true}]}}