{"id":336,"date":"2006-10-20T09:05:10","date_gmt":"2006-10-20T06:05:10","guid":{"rendered":"https:\/\/toompark.com\/aarne\/holokaust-shmolokaust\/"},"modified":"2023-06-10T07:15:17","modified_gmt":"2023-06-10T04:15:17","slug":"holokaust-shmolokaust","status":"publish","type":"post","link":"https:\/\/toompark.com\/aarne\/holokaust-shmolokaust\/","title":{"rendered":"Holokaust-shmolokaust"},"content":{"rendered":"<p><img decoding=\"async\" src=\"https:\/\/toompark.com\/aarne\/wp-content\/uploads\/2006\/10\/karikatura-holokaust.jpg\" alt=\"Holokaust-shmolokaust\" hspace=\"5\" align=\"right\" \/>J\u00e4lle k\u00e4ib mingi tramburai holokausti \u00fcmber. M\u00f5ned tegelased arvavad, et selle eitamine tuleb kuriteoks kuulutada.<\/p>\n<p>Mis imeinimesed need juudid k\u00fcll on, et nende ajalugu tuleb kohe seadustega paika panna ja seda \u00fcle maailma? Mulle v\u00e4hemalt tundub, et k\u00f5ige hullemad juudivihkamise \u00f5hutajad ongi juudid ise. Mingid holokaustieitamise keelamised ja Zuroffi natsikurjategijate otsimise laadsed aktsioonid tekitavad v\u00e4hemalt minu meelest k\u00fcll inimestes pigem vastumeelsust kui poolehoidu juutide vastu.<\/p>\n<p>Holokausti eitamise kriminaliseerimisega \u00f5hutame me pigem vihkamist holokausti l\u00e4biviijate vastu kui kellelegi mingit kasu toome. Ja see k\u00e4ib juba paragrahvi alla.<\/p>\n<p>V\u00e4ljav\u00f5te Eesti Vabariigi p\u00f5hiseadusest:<\/p>\n<blockquote><p>\u00a7 12. K\u00f5ik on seaduse ees v\u00f5rdsed. Kedagi ei tohi diskrimineerida rahvuse, rassi, nahav\u00e4rvuse, soo, keele, p\u00e4ritolu, usutunnistuse, poliitiliste v\u00f5i muude veendumuste, samuti varalise ja sotsiaalse seisundi v\u00f5i muude asjaolude t\u00f5ttu.<\/p>\n<p>Rahvusliku, rassilise, usulise v\u00f5i poliitilise vihkamise, v\u00e4givalla ja diskrimineerimise \u00f5hutamine on seadusega keelatud ja karistatav. Samuti on seadusega keelatud ja karistatav \u00f5hutada vihkamist, v\u00e4givalda ja diskrimineerimist \u00fchiskonnakihtide vahel.<\/p>\n<p>\u00a741.  Iga\u00fchel on \u00f5igus j\u00e4\u00e4da truuks oma arvamustele ja veendumustele. Kedagi ei tohi sundida neid muutma.<\/p>\n<p>Veendumustega ei saa vabandada \u00f5iguserikkumist.<\/p>\n<p>Kedagi ei saa veendumuste p\u00e4rast v\u00f5tta \u00f5iguslikule vastutusele.<\/p><\/blockquote>\n<p>Seega, kui minu poliitiline v\u00f5i muu veendumus on, et holokausti pole toimunud, siis ei tohiks keegi mind selle p\u00e4rast diskrimineerida ega karistada.<\/p>\n<p>Praegu on ajaloo seadustega paika panemise libedale teele astunud Saksamaa Austria, Belgia, Tsehhi, Prantsusmaa, Leedu, Poola ja Slovakkia, Iisrael, ?veits ja Rumeenia. Huvitav, kas neil mingeid t\u00e4htsamaid asju pole, mida arutada ja mille kohta seaduseid vastu v\u00f5tta?<\/p>\n<p>Kui meil hakata ajalugu seaduste abil paika panema, siis enne tuleks \u00fcle vaadata kommunistlik okupatsioon, k\u00fc\u00fcditamised ja muu s\u00e4\u00e4rane stuff ja j\u00e4tta teiste riikide\/rahvuste asjad nende endi hooleks.<\/p>\n<p>Igaks juhuks panen siia veel kirja, et ma ei ole antisemiit. Vihkan neegreid ja rassiste. Holokaustist on savi.<\/p>\n<p>Panen siia veel m\u00f5ned v\u00e4ljav\u00f5tted Eesti Vabariigi p\u00f5hiseadusest:<\/p>\n<blockquote><p>\u00a7 40.  Iga\u00fchel on s\u00fcdametunnistuse-, usu- ja m\u00f5ttevabadus.<\/p>\n<p>Kuulumine kirikutesse ja usu\u00fchingutesse on vaba. Riigikirikut ei ole.<\/p>\n<p>Iga\u00fchel on vabadus nii \u00fcksinda kui ka koos teistega, avalikult v\u00f5i eraviisiliselt t\u00e4ita usutalitusi, kui see ei kahjusta avalikku korda, tervist ega k\u00f5lblust.<\/p>\n<p>\u00a7 45.  Iga\u00fchel on \u00f5igus vabalt levitada ideid, arvamusi, veendumusi ja muud informatsiooni s\u00f5nas, tr\u00fckis, pildis v\u00f5i muul viisil. Seda \u00f5igust v\u00f5ib seadus piirata avaliku korra, k\u00f5lbluse, teiste inimeste \u00f5iguste ja vabaduste, tervise, au ning hea nime kaitseks. Seadus v\u00f5ib seda \u00f5igust piirata ka riigi ja kohalike omavalitsuste teenistujatel neile ameti t\u00f5ttu teatavaks saanud riigi- v\u00f5i \u00e4risaladuse v\u00f5i konfidentsiaalsena saadud informatsiooni ning teiste inimeste perekonna- ja eraelu kaitseks, samuti \u00f5igusem\u00f5istmise huvides.<\/p>\n<p>Tsensuuri ei ole.<\/p>\n<p>\u00a7 55.  Eestis viibivad teiste riikide kodanikud ja kodakondsuseta isikud on kohustatud j\u00e4rgima Eesti p\u00f5hiseaduslikku korda.<\/p><\/blockquote>\n","protected":false},"excerpt":{"rendered":"<p>J\u00e4lle k\u00e4ib mingi tramburai holokausti \u00fcmber. M\u00f5ned tegelased arvavad, et selle eitamine tuleb kuriteoks kuulutada. Mis imeinimesed need juudid k\u00fcll on, et nende ajalugu tuleb kohe seadustega paika panna ja seda \u00fcle maailma? Mulle v\u00e4hemalt tundub, et k\u00f5ige hullemad juudivihkamise<span class=\"ellipsis\">&hellip;<\/span><\/p>\n<div class=\"read-more\"><a href=\"https:\/\/toompark.com\/aarne\/holokaust-shmolokaust\/\">Loe veel &#8250;<\/a><\/div>\n<p><!-- end of .read-more --><\/p>\n","protected":false},"author":1,"featured_media":335,"comment_status":"open","ping_status":"open","sticky":false,"template":"","format":"standard","meta":{"_jetpack_memberships_contains_paid_content":false,"footnotes":"","jetpack_publicize_message":"","jetpack_publicize_feature_enabled":true,"jetpack_social_post_already_shared":false,"jetpack_social_options":{"image_generator_settings":{"template":"highway","default_image_id":0,"font":"","enabled":false},"version":2}},"categories":[1],"tags":[9,104,12,72],"class_list":["post-336","post","type-post","status-publish","format-standard","has-post-thumbnail","hentry","category-aarne-bloog","tag-elu","tag-holokaust","tag-poliitika","tag-tsensuur"],"yoast_head":"<!-- This site is optimized with the Yoast SEO plugin v27.5 - https:\/\/yoast.com\/product\/yoast-seo-wordpress\/ -->\n<title>Holokaust-shmolokaust - Aarne bloog<\/title>\n<meta name=\"robots\" content=\"index, follow, max-snippet:-1, max-image-preview:large, max-video-preview:-1\" \/>\n<link rel=\"canonical\" href=\"https:\/\/toompark.com\/aarne\/holokaust-shmolokaust\/\" \/>\n<meta property=\"og:locale\" content=\"et_EE\" \/>\n<meta property=\"og:type\" content=\"article\" \/>\n<meta property=\"og:title\" content=\"Holokaust-shmolokaust - Aarne bloog\" \/>\n<meta property=\"og:description\" content=\"J\u00e4lle k\u00e4ib mingi tramburai holokausti \u00fcmber. M\u00f5ned tegelased arvavad, et selle eitamine tuleb kuriteoks kuulutada. Mis imeinimesed need juudid k\u00fcll on, et nende ajalugu tuleb kohe seadustega paika panna ja seda \u00fcle maailma? Mulle v\u00e4hemalt tundub, et k\u00f5ige hullemad juudivihkamise&hellip;Loe veel &#8250;\" \/>\n<meta property=\"og:url\" content=\"https:\/\/toompark.com\/aarne\/holokaust-shmolokaust\/\" \/>\n<meta property=\"og:site_name\" content=\"Aarne bloog\" \/>\n<meta property=\"article:publisher\" content=\"https:\/\/www.facebook.com\/aarne.toompark\" \/>\n<meta property=\"article:author\" content=\"https:\/\/www.facebook.com\/aarne.toompark\" \/>\n<meta property=\"article:published_time\" content=\"2006-10-20T06:05:10+00:00\" \/>\n<meta property=\"article:modified_time\" content=\"2023-06-10T04:15:17+00:00\" \/>\n<meta property=\"og:image\" content=\"https:\/\/toompark.com\/aarne\/wp-content\/uploads\/2006\/10\/karikatura-holokaust.jpg\" \/>\n\t<meta property=\"og:image:width\" content=\"150\" \/>\n\t<meta property=\"og:image:height\" content=\"194\" \/>\n\t<meta property=\"og:image:type\" content=\"image\/jpeg\" \/>\n<meta name=\"author\" content=\"Aarne\" \/>\n<meta name=\"twitter:card\" content=\"summary_large_image\" \/>\n<meta name=\"twitter:creator\" content=\"@Aarne\" \/>\n<meta name=\"twitter:site\" content=\"@Aarne\" \/>\n<meta name=\"twitter:label1\" content=\"Written by\" \/>\n\t<meta name=\"twitter:data1\" content=\"Aarne\" \/>\n\t<meta name=\"twitter:label2\" content=\"Est. reading time\" \/>\n\t<meta name=\"twitter:data2\" content=\"3 minutit\" \/>\n<script type=\"application\/ld+json\" class=\"yoast-schema-graph\">{\"@context\":\"https:\\\/\\\/schema.org\",\"@graph\":[{\"@type\":\"Article\",\"@id\":\"https:\\\/\\\/toompark.com\\\/aarne\\\/holokaust-shmolokaust\\\/#article\",\"isPartOf\":{\"@id\":\"https:\\\/\\\/toompark.com\\\/aarne\\\/holokaust-shmolokaust\\\/\"},\"author\":{\"name\":\"Aarne\",\"@id\":\"https:\\\/\\\/toompark.com\\\/aarne\\\/#\\\/schema\\\/person\\\/cad6a11e0fa62991870721d353fe8b1b\"},\"headline\":\"Holokaust-shmolokaust\",\"datePublished\":\"2006-10-20T06:05:10+00:00\",\"dateModified\":\"2023-06-10T04:15:17+00:00\",\"mainEntityOfPage\":{\"@id\":\"https:\\\/\\\/toompark.com\\\/aarne\\\/holokaust-shmolokaust\\\/\"},\"wordCount\":473,\"commentCount\":10,\"publisher\":{\"@id\":\"https:\\\/\\\/toompark.com\\\/aarne\\\/#\\\/schema\\\/person\\\/cad6a11e0fa62991870721d353fe8b1b\"},\"image\":{\"@id\":\"https:\\\/\\\/toompark.com\\\/aarne\\\/holokaust-shmolokaust\\\/#primaryimage\"},\"thumbnailUrl\":\"https:\\\/\\\/toompark.com\\\/aarne\\\/wp-content\\\/uploads\\\/2006\\\/10\\\/karikatura-holokaust.jpg\",\"keywords\":[\"Elu\",\"Holokaust\",\"Poliitika\",\"Tsensuur\"],\"articleSection\":[\"Aarne bloog\"],\"inLanguage\":\"et\",\"potentialAction\":[{\"@type\":\"CommentAction\",\"name\":\"Comment\",\"target\":[\"https:\\\/\\\/toompark.com\\\/aarne\\\/holokaust-shmolokaust\\\/#respond\"]}]},{\"@type\":\"WebPage\",\"@id\":\"https:\\\/\\\/toompark.com\\\/aarne\\\/holokaust-shmolokaust\\\/\",\"url\":\"https:\\\/\\\/toompark.com\\\/aarne\\\/holokaust-shmolokaust\\\/\",\"name\":\"Holokaust-shmolokaust - Aarne bloog\",\"isPartOf\":{\"@id\":\"https:\\\/\\\/toompark.com\\\/aarne\\\/#website\"},\"primaryImageOfPage\":{\"@id\":\"https:\\\/\\\/toompark.com\\\/aarne\\\/holokaust-shmolokaust\\\/#primaryimage\"},\"image\":{\"@id\":\"https:\\\/\\\/toompark.com\\\/aarne\\\/holokaust-shmolokaust\\\/#primaryimage\"},\"thumbnailUrl\":\"https:\\\/\\\/toompark.com\\\/aarne\\\/wp-content\\\/uploads\\\/2006\\\/10\\\/karikatura-holokaust.jpg\",\"datePublished\":\"2006-10-20T06:05:10+00:00\",\"dateModified\":\"2023-06-10T04:15:17+00:00\",\"breadcrumb\":{\"@id\":\"https:\\\/\\\/toompark.com\\\/aarne\\\/holokaust-shmolokaust\\\/#breadcrumb\"},\"inLanguage\":\"et\",\"potentialAction\":[{\"@type\":\"ReadAction\",\"target\":[\"https:\\\/\\\/toompark.com\\\/aarne\\\/holokaust-shmolokaust\\\/\"]}]},{\"@type\":\"ImageObject\",\"inLanguage\":\"et\",\"@id\":\"https:\\\/\\\/toompark.com\\\/aarne\\\/holokaust-shmolokaust\\\/#primaryimage\",\"url\":\"https:\\\/\\\/toompark.com\\\/aarne\\\/wp-content\\\/uploads\\\/2006\\\/10\\\/karikatura-holokaust.jpg\",\"contentUrl\":\"https:\\\/\\\/toompark.com\\\/aarne\\\/wp-content\\\/uploads\\\/2006\\\/10\\\/karikatura-holokaust.jpg\",\"width\":150,\"height\":194},{\"@type\":\"BreadcrumbList\",\"@id\":\"https:\\\/\\\/toompark.com\\\/aarne\\\/holokaust-shmolokaust\\\/#breadcrumb\",\"itemListElement\":[{\"@type\":\"ListItem\",\"position\":1,\"name\":\"Home\",\"item\":\"https:\\\/\\\/toompark.com\\\/aarne\\\/\"},{\"@type\":\"ListItem\",\"position\":2,\"name\":\"Aarne bloog\",\"item\":\"https:\\\/\\\/toompark.com\\\/aarne\\\/kategooria\\\/aarne-bloog\\\/\"},{\"@type\":\"ListItem\",\"position\":3,\"name\":\"Holokaust-shmolokaust\"}]},{\"@type\":\"WebSite\",\"@id\":\"https:\\\/\\\/toompark.com\\\/aarne\\\/#website\",\"url\":\"https:\\\/\\\/toompark.com\\\/aarne\\\/\",\"name\":\"Aarne bloog\",\"description\":\"Aarne elu ja tegemised - elu ise\",\"publisher\":{\"@id\":\"https:\\\/\\\/toompark.com\\\/aarne\\\/#\\\/schema\\\/person\\\/cad6a11e0fa62991870721d353fe8b1b\"},\"potentialAction\":[{\"@type\":\"SearchAction\",\"target\":{\"@type\":\"EntryPoint\",\"urlTemplate\":\"https:\\\/\\\/toompark.com\\\/aarne\\\/?s={search_term_string}\"},\"query-input\":{\"@type\":\"PropertyValueSpecification\",\"valueRequired\":true,\"valueName\":\"search_term_string\"}}],\"inLanguage\":\"et\"},{\"@type\":[\"Person\",\"Organization\"],\"@id\":\"https:\\\/\\\/toompark.com\\\/aarne\\\/#\\\/schema\\\/person\\\/cad6a11e0fa62991870721d353fe8b1b\",\"name\":\"Aarne\",\"image\":{\"@type\":\"ImageObject\",\"inLanguage\":\"et\",\"@id\":\"https:\\\/\\\/toompark.com\\\/aarne\\\/wp-content\\\/uploads\\\/2016\\\/11\\\/aarne-toompark.jpg\",\"url\":\"https:\\\/\\\/toompark.com\\\/aarne\\\/wp-content\\\/uploads\\\/2016\\\/11\\\/aarne-toompark.jpg\",\"contentUrl\":\"https:\\\/\\\/toompark.com\\\/aarne\\\/wp-content\\\/uploads\\\/2016\\\/11\\\/aarne-toompark.jpg\",\"width\":500,\"height\":500,\"caption\":\"Aarne\"},\"logo\":{\"@id\":\"https:\\\/\\\/toompark.com\\\/aarne\\\/wp-content\\\/uploads\\\/2016\\\/11\\\/aarne-toompark.jpg\"},\"sameAs\":[\"https:\\\/\\\/toompark.com\\\/aarne\\\/\",\"https:\\\/\\\/www.facebook.com\\\/aarne.toompark\",\"https:\\\/\\\/www.instagram.com\\\/aarnet\\\/\",\"https:\\\/\\\/www.linkedin.com\\\/in\\\/aarnetoompark\\\/\",\"https:\\\/\\\/x.com\\\/Aarne\"],\"url\":\"https:\\\/\\\/toompark.com\\\/aarne\\\/author\\\/aarne\\\/\"}]}<\/script>\n<!-- \/ Yoast SEO plugin. -->","yoast_head_json":{"title":"Holokaust-shmolokaust - Aarne bloog","robots":{"index":"index","follow":"follow","max-snippet":"max-snippet:-1","max-image-preview":"max-image-preview:large","max-video-preview":"max-video-preview:-1"},"canonical":"https:\/\/toompark.com\/aarne\/holokaust-shmolokaust\/","og_locale":"et_EE","og_type":"article","og_title":"Holokaust-shmolokaust - Aarne bloog","og_description":"J\u00e4lle k\u00e4ib mingi tramburai holokausti \u00fcmber. M\u00f5ned tegelased arvavad, et selle eitamine tuleb kuriteoks kuulutada. Mis imeinimesed need juudid k\u00fcll on, et nende ajalugu tuleb kohe seadustega paika panna ja seda \u00fcle maailma? Mulle v\u00e4hemalt tundub, et k\u00f5ige hullemad juudivihkamise&hellip;Loe veel &#8250;","og_url":"https:\/\/toompark.com\/aarne\/holokaust-shmolokaust\/","og_site_name":"Aarne bloog","article_publisher":"https:\/\/www.facebook.com\/aarne.toompark","article_author":"https:\/\/www.facebook.com\/aarne.toompark","article_published_time":"2006-10-20T06:05:10+00:00","article_modified_time":"2023-06-10T04:15:17+00:00","og_image":[{"width":150,"height":194,"url":"https:\/\/toompark.com\/aarne\/wp-content\/uploads\/2006\/10\/karikatura-holokaust.jpg","type":"image\/jpeg"}],"author":"Aarne","twitter_card":"summary_large_image","twitter_creator":"@Aarne","twitter_site":"@Aarne","twitter_misc":{"Written by":"Aarne","Est. reading time":"3 minutit"},"schema":{"@context":"https:\/\/schema.org","@graph":[{"@type":"Article","@id":"https:\/\/toompark.com\/aarne\/holokaust-shmolokaust\/#article","isPartOf":{"@id":"https:\/\/toompark.com\/aarne\/holokaust-shmolokaust\/"},"author":{"name":"Aarne","@id":"https:\/\/toompark.com\/aarne\/#\/schema\/person\/cad6a11e0fa62991870721d353fe8b1b"},"headline":"Holokaust-shmolokaust","datePublished":"2006-10-20T06:05:10+00:00","dateModified":"2023-06-10T04:15:17+00:00","mainEntityOfPage":{"@id":"https:\/\/toompark.com\/aarne\/holokaust-shmolokaust\/"},"wordCount":473,"commentCount":10,"publisher":{"@id":"https:\/\/toompark.com\/aarne\/#\/schema\/person\/cad6a11e0fa62991870721d353fe8b1b"},"image":{"@id":"https:\/\/toompark.com\/aarne\/holokaust-shmolokaust\/#primaryimage"},"thumbnailUrl":"https:\/\/toompark.com\/aarne\/wp-content\/uploads\/2006\/10\/karikatura-holokaust.jpg","keywords":["Elu","Holokaust","Poliitika","Tsensuur"],"articleSection":["Aarne bloog"],"inLanguage":"et","potentialAction":[{"@type":"CommentAction","name":"Comment","target":["https:\/\/toompark.com\/aarne\/holokaust-shmolokaust\/#respond"]}]},{"@type":"WebPage","@id":"https:\/\/toompark.com\/aarne\/holokaust-shmolokaust\/","url":"https:\/\/toompark.com\/aarne\/holokaust-shmolokaust\/","name":"Holokaust-shmolokaust - Aarne bloog","isPartOf":{"@id":"https:\/\/toompark.com\/aarne\/#website"},"primaryImageOfPage":{"@id":"https:\/\/toompark.com\/aarne\/holokaust-shmolokaust\/#primaryimage"},"image":{"@id":"https:\/\/toompark.com\/aarne\/holokaust-shmolokaust\/#primaryimage"},"thumbnailUrl":"https:\/\/toompark.com\/aarne\/wp-content\/uploads\/2006\/10\/karikatura-holokaust.jpg","datePublished":"2006-10-20T06:05:10+00:00","dateModified":"2023-06-10T04:15:17+00:00","breadcrumb":{"@id":"https:\/\/toompark.com\/aarne\/holokaust-shmolokaust\/#breadcrumb"},"inLanguage":"et","potentialAction":[{"@type":"ReadAction","target":["https:\/\/toompark.com\/aarne\/holokaust-shmolokaust\/"]}]},{"@type":"ImageObject","inLanguage":"et","@id":"https:\/\/toompark.com\/aarne\/holokaust-shmolokaust\/#primaryimage","url":"https:\/\/toompark.com\/aarne\/wp-content\/uploads\/2006\/10\/karikatura-holokaust.jpg","contentUrl":"https:\/\/toompark.com\/aarne\/wp-content\/uploads\/2006\/10\/karikatura-holokaust.jpg","width":150,"height":194},{"@type":"BreadcrumbList","@id":"https:\/\/toompark.com\/aarne\/holokaust-shmolokaust\/#breadcrumb","itemListElement":[{"@type":"ListItem","position":1,"name":"Home","item":"https:\/\/toompark.com\/aarne\/"},{"@type":"ListItem","position":2,"name":"Aarne bloog","item":"https:\/\/toompark.com\/aarne\/kategooria\/aarne-bloog\/"},{"@type":"ListItem","position":3,"name":"Holokaust-shmolokaust"}]},{"@type":"WebSite","@id":"https:\/\/toompark.com\/aarne\/#website","url":"https:\/\/toompark.com\/aarne\/","name":"Aarne bloog","description":"Aarne elu ja tegemised - elu ise","publisher":{"@id":"https:\/\/toompark.com\/aarne\/#\/schema\/person\/cad6a11e0fa62991870721d353fe8b1b"},"potentialAction":[{"@type":"SearchAction","target":{"@type":"EntryPoint","urlTemplate":"https:\/\/toompark.com\/aarne\/?s={search_term_string}"},"query-input":{"@type":"PropertyValueSpecification","valueRequired":true,"valueName":"search_term_string"}}],"inLanguage":"et"},{"@type":["Person","Organization"],"@id":"https:\/\/toompark.com\/aarne\/#\/schema\/person\/cad6a11e0fa62991870721d353fe8b1b","name":"Aarne","image":{"@type":"ImageObject","inLanguage":"et","@id":"https:\/\/toompark.com\/aarne\/wp-content\/uploads\/2016\/11\/aarne-toompark.jpg","url":"https:\/\/toompark.com\/aarne\/wp-content\/uploads\/2016\/11\/aarne-toompark.jpg","contentUrl":"https:\/\/toompark.com\/aarne\/wp-content\/uploads\/2016\/11\/aarne-toompark.jpg","width":500,"height":500,"caption":"Aarne"},"logo":{"@id":"https:\/\/toompark.com\/aarne\/wp-content\/uploads\/2016\/11\/aarne-toompark.jpg"},"sameAs":["https:\/\/toompark.com\/aarne\/","https:\/\/www.facebook.com\/aarne.toompark","https:\/\/www.instagram.com\/aarnet\/","https:\/\/www.linkedin.com\/in\/aarnetoompark\/","https:\/\/x.com\/Aarne"],"url":"https:\/\/toompark.com\/aarne\/author\/aarne\/"}]}},"jetpack_publicize_connections":[],"jetpack_featured_media_url":"https:\/\/toompark.com\/aarne\/wp-content\/uploads\/2006\/10\/karikatura-holokaust.jpg","jetpack_sharing_enabled":true,"jetpack_shortlink":"https:\/\/wp.me\/p4ti3-5q","_links":{"self":[{"href":"https:\/\/toompark.com\/aarne\/wp-json\/wp\/v2\/posts\/336","targetHints":{"allow":["GET"]}}],"collection":[{"href":"https:\/\/toompark.com\/aarne\/wp-json\/wp\/v2\/posts"}],"about":[{"href":"https:\/\/toompark.com\/aarne\/wp-json\/wp\/v2\/types\/post"}],"author":[{"embeddable":true,"href":"https:\/\/toompark.com\/aarne\/wp-json\/wp\/v2\/users\/1"}],"replies":[{"embeddable":true,"href":"https:\/\/toompark.com\/aarne\/wp-json\/wp\/v2\/comments?post=336"}],"version-history":[{"count":0,"href":"https:\/\/toompark.com\/aarne\/wp-json\/wp\/v2\/posts\/336\/revisions"}],"wp:featuredmedia":[{"embeddable":true,"href":"https:\/\/toompark.com\/aarne\/wp-json\/wp\/v2\/media\/335"}],"wp:attachment":[{"href":"https:\/\/toompark.com\/aarne\/wp-json\/wp\/v2\/media?parent=336"}],"wp:term":[{"taxonomy":"category","embeddable":true,"href":"https:\/\/toompark.com\/aarne\/wp-json\/wp\/v2\/categories?post=336"},{"taxonomy":"post_tag","embeddable":true,"href":"https:\/\/toompark.com\/aarne\/wp-json\/wp\/v2\/tags?post=336"}],"curies":[{"name":"wp","href":"https:\/\/api.w.org\/{rel}","templated":true}]}}