{"id":5103,"date":"2009-03-02T09:05:59","date_gmt":"2009-03-02T07:05:59","guid":{"rendered":"https:\/\/toompark.com\/aarne\/?p=5103"},"modified":"2023-03-02T06:59:29","modified_gmt":"2023-03-02T04:59:29","slug":"ega-ma-ka-neid-marke-tea","status":"publish","type":"post","link":"https:\/\/toompark.com\/aarne\/ega-ma-ka-neid-marke-tea\/","title":{"rendered":"K\u00fclalispostitus: Ega ma ka neid m\u00e4rke tea &#8211; mul pole ju lubegi&#8230;"},"content":{"rendered":"<p><a rel=\"attachment wp-att-5112\" href=\"https:\/\/toompark.com\/aarne\/wp-content\/uploads\/2009\/03\/probleemne-parkla.jpg\"><img loading=\"lazy\" decoding=\"async\" class=\"size-thumbnail wp-image-5112\" title=\"Probleemne parkla\" src=\"https:\/\/toompark.com\/aarne\/wp-content\/uploads\/2009\/03\/probleemne-parkla-150x127.jpg\" border=\"0\" alt=\"Probleemne parkla\" hspace=\"5\" width=\"150\" height=\"127\" align=\"right\" \/><\/a>N\u00e4dalake tagasi \u00f5nnestus mul <a href=\"https:\/\/www.tsh.ee\/est\/790\/\">\u00d5ism\u00e4e ujula<\/a> k\u00f5rval parkides saada aknavahele v\u00e4\u00e4rteomenetluse algatamise otsus kutsega <a href=\"https:\/\/www.tallinn.ee\/mupo-linnaosades\">Tallinna munitsipaalpolitsei<\/a> peainspektori jutule.<\/p>\n<p>M\u00e4\u00e4ratud kuup\u00e4evaks ilmusin kohale. Pargitud autost oli tehtud mitu pilti, need olid ilusti paberile v\u00e4lja tr\u00fckitud. K\u00fcsimusele olin sunnitud vastama, et on k\u00fcll minu auto ja mina ise parkisin.<\/p>\n<p>Siis v\u00e4itis munitsipaalpolitseinik, et parklas on parkimine ainult linnaosavalituse loaga. Ma v\u00e4itsin, et parkisin siiski kohas, kus linnaosavalitsuse luba vaja ei ole. Asja selgitamiseks pakkus munitsipaalpolitseinik v\u00e4lja, et l\u00e4hme v\u00e4lja ja vaatame, kuidas need m\u00e4rgid siis seal ikkagi paiknevad.<\/p>\n<p>\u00d5ues pidasin v\u00e4ikese loengu teemadel, et lisatahvli puudumisel algab m\u00e4rgi kehtivus m\u00e4rgi j\u00e4rel ning linnaosavalitsuse luba n\u00f5udvat m\u00e4rki t\u00fchistava liiklusm\u00e4rgi j\u00e4rel linnaosavalitsuse luba enam ei ole vaja. Maalisin pildi suure ja punase. Tegin veel puust ette ka. \u00d5nneks t\u00f6\u00f6tas.<\/p>\n<p>L\u00f5pptulemusena \u00fctles munitsipaalpolitseinik, et l\u00f5petab asja \u00e4ra, sest ta pole v\u00e4\u00e4rteole veel numbrit v\u00f5tnud. K\u00f5ige l\u00f5petuseks \u00fctles ta: \"Ega ma ka neid m\u00e4rke tea - mul pole ju lubegi...\".<\/p>\n<p>\"Issand, sa n\u00e4ed, aga sa ei m\u00fcrista,\" tahtsin vaid \u00f6elda. Inimene tunnistab ise, et tal puudub p\u00e4devus, kuid samas on pandud v\u00e4\u00e4rtegu menetlema! Kas see on t\u00f5esti v\u00f5imalik?<\/p>\n<p>M\u00f5ttesse j\u00e4id kummitama m\u00f5ned k\u00fcsimused:<\/p>\n<ul>\n<li>Ja mis siis oleks juhtunud, kui tal v\u00e4\u00e4rteo number oleks juba v\u00f5etud - kas siis oleks ta ikka asjaga edasi l\u00e4inud ning trahvi \u00e4ra teinud?<\/li>\n<li>Ja \u00f5nneks asus munitsipaalpolitsei kontor tolle sama parkla k\u00f5rval ning oli v\u00f5imalik minna m\u00e4rkidega tutvust tegema. Kui parkla oleks olnud kas v\u00f5i paarisaja meetri kaugusel, siis poleks ehk ametnik viitsinud pika jalutusk\u00e4igu peale aega raista. Kui \"s\u00fcndmuskoht\" oleks asunud kaugemal - mis siis juhtunud oleks?<\/li>\n<li>Ja omaette teema on muidugi see, et \u00d5ism\u00e4e ujula \/ raamatukogu \/ spordisaali juurde on tehtud tervel 10 parkimiskohta. Kas see ei ole alla igasugust arvestust?!<\/li>\n<\/ul>\n<p>Trahvihirmust vabanenuna koju s\u00f5ites tabasin \u00e4ra, milles tegelik probleem oli. Liiklusm\u00e4rgi posti otsas oli kaks m\u00e4rki - \u00fcks neist n\u00e4itas \u00fchele poole ja t\u00e4histas loaga parkimisala algust. Teine n\u00e4itas teisele poole ja t\u00e4histas loaga parkimisala l\u00f5ppu. Seda posti oleks pidanud 180 kraadi v\u00f5rra p\u00f6\u00f6rama ning pilt \u00f5iguslik vaakum oleks likvideeritud. Sellisel juhul oleks trahv olnud \u00f5igustatud.<\/p>\n<hr \/><blockquote style=\"width: 90%;\"><p><a title=\"K\u00fclalispostitused\" \r\n    href=\"https:\/\/toompark.pri.ee\/aarne\/tag\/kulalispostitus\/\"><img loading=\"lazy\" decoding=\"async\" width=\"32\" height=\"32\" src=\"https:\/\/toompark.pri.ee\/aarne\/wp-content\/pann\/anonyymne.gif\" alt=\"Anon\u00fc\u00fcmne k\u00fclalispostitaja\" \r\n    align=\"left\" border=\"0\" hspace=\"5\" \/><\/a> Selle postituse on kirjutanud anon\u00fc\u00fcmseks j\u00e4\u00e4da soovinud k\u00fclalispostitaja.<br \/>\r\nTahad minu blogis oma teksti avaldada? Loe: <a title=\"K\u00fclalispostitused \r\nminu blogis - tahad ka?\" href=\"https:\/\/toompark.pri.ee\/aarne\/kulalispostitused-minu-blogis\/\">K\u00fclalispostitused \r\nminu blogis - tahad ka?<\/a><\/p><\/blockquote><hr \/>\n","protected":false},"excerpt":{"rendered":"<p>N\u00e4dalake tagasi \u00f5nnestus mul \u00d5ism\u00e4e ujula k\u00f5rval parkides saada aknavahele v\u00e4\u00e4rteomenetluse algatamise otsus kutsega Tallinna munitsipaalpolitsei peainspektori jutule. M\u00e4\u00e4ratud kuup\u00e4evaks ilmusin kohale. Pargitud autost oli tehtud mitu pilti, need olid ilusti paberile v\u00e4lja tr\u00fckitud. K\u00fcsimusele olin sunnitud vastama, et on<span class=\"ellipsis\">&hellip;<\/span><\/p>\n<div class=\"read-more\"><a href=\"https:\/\/toompark.com\/aarne\/ega-ma-ka-neid-marke-tea\/\">Loe veel &#8250;<\/a><\/div>\n<p><!-- end of .read-more --><\/p>\n","protected":false},"author":1,"featured_media":5112,"comment_status":"open","ping_status":"open","sticky":false,"template":"","format":"standard","meta":{"_jetpack_memberships_contains_paid_content":false,"footnotes":"","jetpack_publicize_message":"","jetpack_publicize_feature_enabled":true,"jetpack_social_post_already_shared":false,"jetpack_social_options":{"image_generator_settings":{"template":"highway","default_image_id":0,"font":"","enabled":false},"version":2}},"categories":[1],"tags":[9,146,81],"class_list":["post-5103","post","type-post","status-publish","format-standard","has-post-thumbnail","hentry","category-aarne-bloog","tag-elu","tag-kulalispostitus","tag-tallinn"],"yoast_head":"<!-- This site is optimized with the Yoast SEO plugin v27.5 - https:\/\/yoast.com\/product\/yoast-seo-wordpress\/ -->\n<title>K\u00fclalispostitus: Ega ma ka neid m\u00e4rke tea - mul pole ju lubegi... - Aarne bloog<\/title>\n<meta name=\"robots\" content=\"index, follow, max-snippet:-1, max-image-preview:large, max-video-preview:-1\" \/>\n<link rel=\"canonical\" href=\"https:\/\/toompark.com\/aarne\/ega-ma-ka-neid-marke-tea\/\" \/>\n<meta property=\"og:locale\" content=\"et_EE\" \/>\n<meta property=\"og:type\" content=\"article\" \/>\n<meta property=\"og:title\" content=\"K\u00fclalispostitus: Ega ma ka neid m\u00e4rke tea - mul pole ju lubegi... - Aarne bloog\" \/>\n<meta property=\"og:description\" content=\"N\u00e4dalake tagasi \u00f5nnestus mul \u00d5ism\u00e4e ujula k\u00f5rval parkides saada aknavahele v\u00e4\u00e4rteomenetluse algatamise otsus kutsega Tallinna munitsipaalpolitsei peainspektori jutule. M\u00e4\u00e4ratud kuup\u00e4evaks ilmusin kohale. Pargitud autost oli tehtud mitu pilti, need olid ilusti paberile v\u00e4lja tr\u00fckitud. K\u00fcsimusele olin sunnitud vastama, et on&hellip;Loe veel &#8250;\" \/>\n<meta property=\"og:url\" content=\"https:\/\/toompark.com\/aarne\/ega-ma-ka-neid-marke-tea\/\" \/>\n<meta property=\"og:site_name\" content=\"Aarne bloog\" \/>\n<meta property=\"article:publisher\" content=\"https:\/\/www.facebook.com\/aarne.toompark\" \/>\n<meta property=\"article:author\" content=\"https:\/\/www.facebook.com\/aarne.toompark\" \/>\n<meta property=\"article:published_time\" content=\"2009-03-02T07:05:59+00:00\" \/>\n<meta property=\"article:modified_time\" content=\"2023-03-02T04:59:29+00:00\" \/>\n<meta property=\"og:image\" content=\"https:\/\/toompark.com\/aarne\/wp-content\/uploads\/2009\/03\/probleemne-parkla.jpg\" \/>\n\t<meta property=\"og:image:width\" content=\"520\" \/>\n\t<meta property=\"og:image:height\" content=\"442\" \/>\n\t<meta property=\"og:image:type\" content=\"image\/jpeg\" \/>\n<meta name=\"author\" content=\"Aarne\" \/>\n<meta name=\"twitter:card\" content=\"summary_large_image\" \/>\n<meta name=\"twitter:creator\" content=\"@Aarne\" \/>\n<meta name=\"twitter:site\" content=\"@Aarne\" \/>\n<meta name=\"twitter:label1\" content=\"Written by\" \/>\n\t<meta name=\"twitter:data1\" content=\"Aarne\" \/>\n\t<meta name=\"twitter:label2\" content=\"Est. reading time\" \/>\n\t<meta name=\"twitter:data2\" content=\"2 minutit\" \/>\n<script type=\"application\/ld+json\" class=\"yoast-schema-graph\">{\"@context\":\"https:\\\/\\\/schema.org\",\"@graph\":[{\"@type\":\"Article\",\"@id\":\"https:\\\/\\\/toompark.com\\\/aarne\\\/ega-ma-ka-neid-marke-tea\\\/#article\",\"isPartOf\":{\"@id\":\"https:\\\/\\\/toompark.com\\\/aarne\\\/ega-ma-ka-neid-marke-tea\\\/\"},\"author\":{\"name\":\"Aarne\",\"@id\":\"https:\\\/\\\/toompark.com\\\/aarne\\\/#\\\/schema\\\/person\\\/cad6a11e0fa62991870721d353fe8b1b\"},\"headline\":\"K\u00fclalispostitus: Ega ma ka neid m\u00e4rke tea &#8211; mul pole ju lubegi&#8230;\",\"datePublished\":\"2009-03-02T07:05:59+00:00\",\"dateModified\":\"2023-03-02T04:59:29+00:00\",\"mainEntityOfPage\":{\"@id\":\"https:\\\/\\\/toompark.com\\\/aarne\\\/ega-ma-ka-neid-marke-tea\\\/\"},\"wordCount\":413,\"commentCount\":6,\"publisher\":{\"@id\":\"https:\\\/\\\/toompark.com\\\/aarne\\\/#\\\/schema\\\/person\\\/cad6a11e0fa62991870721d353fe8b1b\"},\"image\":{\"@id\":\"https:\\\/\\\/toompark.com\\\/aarne\\\/ega-ma-ka-neid-marke-tea\\\/#primaryimage\"},\"thumbnailUrl\":\"https:\\\/\\\/toompark.com\\\/aarne\\\/wp-content\\\/uploads\\\/2009\\\/03\\\/probleemne-parkla.jpg\",\"keywords\":[\"Elu\",\"K\u00fclalispostitus\",\"Tallinn\"],\"articleSection\":[\"Aarne bloog\"],\"inLanguage\":\"et\",\"potentialAction\":[{\"@type\":\"CommentAction\",\"name\":\"Comment\",\"target\":[\"https:\\\/\\\/toompark.com\\\/aarne\\\/ega-ma-ka-neid-marke-tea\\\/#respond\"]}]},{\"@type\":\"WebPage\",\"@id\":\"https:\\\/\\\/toompark.com\\\/aarne\\\/ega-ma-ka-neid-marke-tea\\\/\",\"url\":\"https:\\\/\\\/toompark.com\\\/aarne\\\/ega-ma-ka-neid-marke-tea\\\/\",\"name\":\"K\u00fclalispostitus: Ega ma ka neid m\u00e4rke tea - mul pole ju lubegi... - Aarne bloog\",\"isPartOf\":{\"@id\":\"https:\\\/\\\/toompark.com\\\/aarne\\\/#website\"},\"primaryImageOfPage\":{\"@id\":\"https:\\\/\\\/toompark.com\\\/aarne\\\/ega-ma-ka-neid-marke-tea\\\/#primaryimage\"},\"image\":{\"@id\":\"https:\\\/\\\/toompark.com\\\/aarne\\\/ega-ma-ka-neid-marke-tea\\\/#primaryimage\"},\"thumbnailUrl\":\"https:\\\/\\\/toompark.com\\\/aarne\\\/wp-content\\\/uploads\\\/2009\\\/03\\\/probleemne-parkla.jpg\",\"datePublished\":\"2009-03-02T07:05:59+00:00\",\"dateModified\":\"2023-03-02T04:59:29+00:00\",\"breadcrumb\":{\"@id\":\"https:\\\/\\\/toompark.com\\\/aarne\\\/ega-ma-ka-neid-marke-tea\\\/#breadcrumb\"},\"inLanguage\":\"et\",\"potentialAction\":[{\"@type\":\"ReadAction\",\"target\":[\"https:\\\/\\\/toompark.com\\\/aarne\\\/ega-ma-ka-neid-marke-tea\\\/\"]}]},{\"@type\":\"ImageObject\",\"inLanguage\":\"et\",\"@id\":\"https:\\\/\\\/toompark.com\\\/aarne\\\/ega-ma-ka-neid-marke-tea\\\/#primaryimage\",\"url\":\"https:\\\/\\\/toompark.com\\\/aarne\\\/wp-content\\\/uploads\\\/2009\\\/03\\\/probleemne-parkla.jpg\",\"contentUrl\":\"https:\\\/\\\/toompark.com\\\/aarne\\\/wp-content\\\/uploads\\\/2009\\\/03\\\/probleemne-parkla.jpg\",\"width\":520,\"height\":442,\"caption\":\"Probleemne parkla\"},{\"@type\":\"BreadcrumbList\",\"@id\":\"https:\\\/\\\/toompark.com\\\/aarne\\\/ega-ma-ka-neid-marke-tea\\\/#breadcrumb\",\"itemListElement\":[{\"@type\":\"ListItem\",\"position\":1,\"name\":\"Home\",\"item\":\"https:\\\/\\\/toompark.com\\\/aarne\\\/\"},{\"@type\":\"ListItem\",\"position\":2,\"name\":\"Aarne bloog\",\"item\":\"https:\\\/\\\/toompark.com\\\/aarne\\\/kategooria\\\/aarne-bloog\\\/\"},{\"@type\":\"ListItem\",\"position\":3,\"name\":\"K\u00fclalispostitus: Ega ma ka neid m\u00e4rke tea &#8211; mul pole ju lubegi&#8230;\"}]},{\"@type\":\"WebSite\",\"@id\":\"https:\\\/\\\/toompark.com\\\/aarne\\\/#website\",\"url\":\"https:\\\/\\\/toompark.com\\\/aarne\\\/\",\"name\":\"Aarne bloog\",\"description\":\"Aarne elu ja tegemised - elu ise\",\"publisher\":{\"@id\":\"https:\\\/\\\/toompark.com\\\/aarne\\\/#\\\/schema\\\/person\\\/cad6a11e0fa62991870721d353fe8b1b\"},\"potentialAction\":[{\"@type\":\"SearchAction\",\"target\":{\"@type\":\"EntryPoint\",\"urlTemplate\":\"https:\\\/\\\/toompark.com\\\/aarne\\\/?s={search_term_string}\"},\"query-input\":{\"@type\":\"PropertyValueSpecification\",\"valueRequired\":true,\"valueName\":\"search_term_string\"}}],\"inLanguage\":\"et\"},{\"@type\":[\"Person\",\"Organization\"],\"@id\":\"https:\\\/\\\/toompark.com\\\/aarne\\\/#\\\/schema\\\/person\\\/cad6a11e0fa62991870721d353fe8b1b\",\"name\":\"Aarne\",\"image\":{\"@type\":\"ImageObject\",\"inLanguage\":\"et\",\"@id\":\"https:\\\/\\\/toompark.com\\\/aarne\\\/wp-content\\\/uploads\\\/2016\\\/11\\\/aarne-toompark.jpg\",\"url\":\"https:\\\/\\\/toompark.com\\\/aarne\\\/wp-content\\\/uploads\\\/2016\\\/11\\\/aarne-toompark.jpg\",\"contentUrl\":\"https:\\\/\\\/toompark.com\\\/aarne\\\/wp-content\\\/uploads\\\/2016\\\/11\\\/aarne-toompark.jpg\",\"width\":500,\"height\":500,\"caption\":\"Aarne\"},\"logo\":{\"@id\":\"https:\\\/\\\/toompark.com\\\/aarne\\\/wp-content\\\/uploads\\\/2016\\\/11\\\/aarne-toompark.jpg\"},\"sameAs\":[\"https:\\\/\\\/toompark.com\\\/aarne\\\/\",\"https:\\\/\\\/www.facebook.com\\\/aarne.toompark\",\"https:\\\/\\\/www.instagram.com\\\/aarnet\\\/\",\"https:\\\/\\\/www.linkedin.com\\\/in\\\/aarnetoompark\\\/\",\"https:\\\/\\\/x.com\\\/Aarne\"],\"url\":\"https:\\\/\\\/toompark.com\\\/aarne\\\/author\\\/aarne\\\/\"}]}<\/script>\n<!-- \/ Yoast SEO plugin. -->","yoast_head_json":{"title":"K\u00fclalispostitus: Ega ma ka neid m\u00e4rke tea - mul pole ju lubegi... - Aarne bloog","robots":{"index":"index","follow":"follow","max-snippet":"max-snippet:-1","max-image-preview":"max-image-preview:large","max-video-preview":"max-video-preview:-1"},"canonical":"https:\/\/toompark.com\/aarne\/ega-ma-ka-neid-marke-tea\/","og_locale":"et_EE","og_type":"article","og_title":"K\u00fclalispostitus: Ega ma ka neid m\u00e4rke tea - mul pole ju lubegi... - Aarne bloog","og_description":"N\u00e4dalake tagasi \u00f5nnestus mul \u00d5ism\u00e4e ujula k\u00f5rval parkides saada aknavahele v\u00e4\u00e4rteomenetluse algatamise otsus kutsega Tallinna munitsipaalpolitsei peainspektori jutule. M\u00e4\u00e4ratud kuup\u00e4evaks ilmusin kohale. Pargitud autost oli tehtud mitu pilti, need olid ilusti paberile v\u00e4lja tr\u00fckitud. K\u00fcsimusele olin sunnitud vastama, et on&hellip;Loe veel &#8250;","og_url":"https:\/\/toompark.com\/aarne\/ega-ma-ka-neid-marke-tea\/","og_site_name":"Aarne bloog","article_publisher":"https:\/\/www.facebook.com\/aarne.toompark","article_author":"https:\/\/www.facebook.com\/aarne.toompark","article_published_time":"2009-03-02T07:05:59+00:00","article_modified_time":"2023-03-02T04:59:29+00:00","og_image":[{"width":520,"height":442,"url":"https:\/\/toompark.com\/aarne\/wp-content\/uploads\/2009\/03\/probleemne-parkla.jpg","type":"image\/jpeg"}],"author":"Aarne","twitter_card":"summary_large_image","twitter_creator":"@Aarne","twitter_site":"@Aarne","twitter_misc":{"Written by":"Aarne","Est. reading time":"2 minutit"},"schema":{"@context":"https:\/\/schema.org","@graph":[{"@type":"Article","@id":"https:\/\/toompark.com\/aarne\/ega-ma-ka-neid-marke-tea\/#article","isPartOf":{"@id":"https:\/\/toompark.com\/aarne\/ega-ma-ka-neid-marke-tea\/"},"author":{"name":"Aarne","@id":"https:\/\/toompark.com\/aarne\/#\/schema\/person\/cad6a11e0fa62991870721d353fe8b1b"},"headline":"K\u00fclalispostitus: Ega ma ka neid m\u00e4rke tea &#8211; mul pole ju lubegi&#8230;","datePublished":"2009-03-02T07:05:59+00:00","dateModified":"2023-03-02T04:59:29+00:00","mainEntityOfPage":{"@id":"https:\/\/toompark.com\/aarne\/ega-ma-ka-neid-marke-tea\/"},"wordCount":413,"commentCount":6,"publisher":{"@id":"https:\/\/toompark.com\/aarne\/#\/schema\/person\/cad6a11e0fa62991870721d353fe8b1b"},"image":{"@id":"https:\/\/toompark.com\/aarne\/ega-ma-ka-neid-marke-tea\/#primaryimage"},"thumbnailUrl":"https:\/\/toompark.com\/aarne\/wp-content\/uploads\/2009\/03\/probleemne-parkla.jpg","keywords":["Elu","K\u00fclalispostitus","Tallinn"],"articleSection":["Aarne bloog"],"inLanguage":"et","potentialAction":[{"@type":"CommentAction","name":"Comment","target":["https:\/\/toompark.com\/aarne\/ega-ma-ka-neid-marke-tea\/#respond"]}]},{"@type":"WebPage","@id":"https:\/\/toompark.com\/aarne\/ega-ma-ka-neid-marke-tea\/","url":"https:\/\/toompark.com\/aarne\/ega-ma-ka-neid-marke-tea\/","name":"K\u00fclalispostitus: Ega ma ka neid m\u00e4rke tea - mul pole ju lubegi... - Aarne bloog","isPartOf":{"@id":"https:\/\/toompark.com\/aarne\/#website"},"primaryImageOfPage":{"@id":"https:\/\/toompark.com\/aarne\/ega-ma-ka-neid-marke-tea\/#primaryimage"},"image":{"@id":"https:\/\/toompark.com\/aarne\/ega-ma-ka-neid-marke-tea\/#primaryimage"},"thumbnailUrl":"https:\/\/toompark.com\/aarne\/wp-content\/uploads\/2009\/03\/probleemne-parkla.jpg","datePublished":"2009-03-02T07:05:59+00:00","dateModified":"2023-03-02T04:59:29+00:00","breadcrumb":{"@id":"https:\/\/toompark.com\/aarne\/ega-ma-ka-neid-marke-tea\/#breadcrumb"},"inLanguage":"et","potentialAction":[{"@type":"ReadAction","target":["https:\/\/toompark.com\/aarne\/ega-ma-ka-neid-marke-tea\/"]}]},{"@type":"ImageObject","inLanguage":"et","@id":"https:\/\/toompark.com\/aarne\/ega-ma-ka-neid-marke-tea\/#primaryimage","url":"https:\/\/toompark.com\/aarne\/wp-content\/uploads\/2009\/03\/probleemne-parkla.jpg","contentUrl":"https:\/\/toompark.com\/aarne\/wp-content\/uploads\/2009\/03\/probleemne-parkla.jpg","width":520,"height":442,"caption":"Probleemne parkla"},{"@type":"BreadcrumbList","@id":"https:\/\/toompark.com\/aarne\/ega-ma-ka-neid-marke-tea\/#breadcrumb","itemListElement":[{"@type":"ListItem","position":1,"name":"Home","item":"https:\/\/toompark.com\/aarne\/"},{"@type":"ListItem","position":2,"name":"Aarne bloog","item":"https:\/\/toompark.com\/aarne\/kategooria\/aarne-bloog\/"},{"@type":"ListItem","position":3,"name":"K\u00fclalispostitus: Ega ma ka neid m\u00e4rke tea &#8211; mul pole ju lubegi&#8230;"}]},{"@type":"WebSite","@id":"https:\/\/toompark.com\/aarne\/#website","url":"https:\/\/toompark.com\/aarne\/","name":"Aarne bloog","description":"Aarne elu ja tegemised - elu ise","publisher":{"@id":"https:\/\/toompark.com\/aarne\/#\/schema\/person\/cad6a11e0fa62991870721d353fe8b1b"},"potentialAction":[{"@type":"SearchAction","target":{"@type":"EntryPoint","urlTemplate":"https:\/\/toompark.com\/aarne\/?s={search_term_string}"},"query-input":{"@type":"PropertyValueSpecification","valueRequired":true,"valueName":"search_term_string"}}],"inLanguage":"et"},{"@type":["Person","Organization"],"@id":"https:\/\/toompark.com\/aarne\/#\/schema\/person\/cad6a11e0fa62991870721d353fe8b1b","name":"Aarne","image":{"@type":"ImageObject","inLanguage":"et","@id":"https:\/\/toompark.com\/aarne\/wp-content\/uploads\/2016\/11\/aarne-toompark.jpg","url":"https:\/\/toompark.com\/aarne\/wp-content\/uploads\/2016\/11\/aarne-toompark.jpg","contentUrl":"https:\/\/toompark.com\/aarne\/wp-content\/uploads\/2016\/11\/aarne-toompark.jpg","width":500,"height":500,"caption":"Aarne"},"logo":{"@id":"https:\/\/toompark.com\/aarne\/wp-content\/uploads\/2016\/11\/aarne-toompark.jpg"},"sameAs":["https:\/\/toompark.com\/aarne\/","https:\/\/www.facebook.com\/aarne.toompark","https:\/\/www.instagram.com\/aarnet\/","https:\/\/www.linkedin.com\/in\/aarnetoompark\/","https:\/\/x.com\/Aarne"],"url":"https:\/\/toompark.com\/aarne\/author\/aarne\/"}]}},"jetpack_publicize_connections":[],"jetpack_featured_media_url":"https:\/\/toompark.com\/aarne\/wp-content\/uploads\/2009\/03\/probleemne-parkla.jpg","jetpack_sharing_enabled":true,"jetpack_shortlink":"https:\/\/wp.me\/p4ti3-1kj","_links":{"self":[{"href":"https:\/\/toompark.com\/aarne\/wp-json\/wp\/v2\/posts\/5103","targetHints":{"allow":["GET"]}}],"collection":[{"href":"https:\/\/toompark.com\/aarne\/wp-json\/wp\/v2\/posts"}],"about":[{"href":"https:\/\/toompark.com\/aarne\/wp-json\/wp\/v2\/types\/post"}],"author":[{"embeddable":true,"href":"https:\/\/toompark.com\/aarne\/wp-json\/wp\/v2\/users\/1"}],"replies":[{"embeddable":true,"href":"https:\/\/toompark.com\/aarne\/wp-json\/wp\/v2\/comments?post=5103"}],"version-history":[{"count":0,"href":"https:\/\/toompark.com\/aarne\/wp-json\/wp\/v2\/posts\/5103\/revisions"}],"wp:featuredmedia":[{"embeddable":true,"href":"https:\/\/toompark.com\/aarne\/wp-json\/wp\/v2\/media\/5112"}],"wp:attachment":[{"href":"https:\/\/toompark.com\/aarne\/wp-json\/wp\/v2\/media?parent=5103"}],"wp:term":[{"taxonomy":"category","embeddable":true,"href":"https:\/\/toompark.com\/aarne\/wp-json\/wp\/v2\/categories?post=5103"},{"taxonomy":"post_tag","embeddable":true,"href":"https:\/\/toompark.com\/aarne\/wp-json\/wp\/v2\/tags?post=5103"}],"curies":[{"name":"wp","href":"https:\/\/api.w.org\/{rel}","templated":true}]}}