{"id":553,"date":"2007-02-26T08:33:05","date_gmt":"2007-02-26T06:33:05","guid":{"rendered":"https:\/\/toompark.com\/aarne\/mihkels-linnaosavanema-veerg-pole-valimiskampaania-tegemise-koht\/"},"modified":"2024-01-26T13:03:09","modified_gmt":"2024-01-26T11:03:09","slug":"mihkels-linnaosavanema-veerg-pole-valimiskampaania-tegemise-koht","status":"publish","type":"post","link":"https:\/\/toompark.com\/aarne\/mihkels-linnaosavanema-veerg-pole-valimiskampaania-tegemise-koht\/","title":{"rendered":"Mihkels: Linnaosavanema veerg pole valimiskampaania tegemise koht"},"content":{"rendered":"<p>Vastsest ajalehest \"<a title=\"Ajaleht Mustam\u00e4e\" href=\"https:\/\/www.tallinn.ee\/et\">MUSTAM\u00c4E<\/a>\" saab kohe esilehelt lugeda linnaosavanema Kalle Mihkelsi kuldseid s\u00f5nu:<\/p>\n<blockquote><p>Et linnaosavanema veerg pole valimiskampaania tegemise koht, siis j\u00e4\u00e4gu erakond, kellele kuulub minu poolehoid, siinkohal nimetamata. Iga\u00fcks meist valib oma parema \u00e4ran\u00e4gemise j\u00e4rgi.<\/p><\/blockquote>\n<p>Lisaks sellele kirjutab ta samas veerus, et pr\u00fcgikastid olla t\u00e4is erinevat valimisreklaami:<\/p>\n<blockquote><p>Minu kodumajas on ukse k\u00f5rval korv, kuhu kirjakandja paneb r\u00e4mpsposti, mida inimesed oma postkastidesse ei soovi. Viimasel ajal on kast \u00e4\u00e4reni t\u00e4is. Punased ja sinised, kollased ja kirjud lehed ja lehekesed lubavad kokku maad ja ilmad.<\/p><\/blockquote>\n<p>Ja paneb paika suuremad Eesti erakonnad IRL, SDE, RE, ERL ja ERE. Tegemist on petturite, lollide, p\u00e4tide ja lihtsalt \u00e4pudega.<\/p>\n<p>Keda siis reaalselt huvitab, et milline on linnaosavanema poolehoid, siis see peaks n\u00fc\u00fcd lehte keerama. Kolmandast lehek\u00fcljest v\u00f5tab pea kolmandiku kandidaadi 236 reklaam. \u00dckski teine kandideerija pole oma reklaamiga sisulehtedele p\u00e4\u00e4senud ja nemad peavad spetsiaalsel reklaamilehek\u00fcljel oma propagandat avaldama.<\/p>\n<p>Ajaleht \"Mustam\u00e4e\" on kahekeelne ajaleht, alustades \u00fchest otsast on ta eestikeelne ja teisest otsast venekeelne. Esimest korda oli leht kokku volditud nii, et eestikeelne k\u00fclg oli pealmine.<\/p>\n","protected":false},"excerpt":{"rendered":"<p>Vastsest ajalehest &#8220;MUSTAM\u00c4E&#8221; saab kohe esilehelt lugeda linnaosavanema Kalle Mihkelsi kuldseid s\u00f5nu: Et linnaosavanema veerg pole valimiskampaania tegemise koht, siis j\u00e4\u00e4gu erakond, kellele kuulub minu poolehoid, siinkohal nimetamata. Iga\u00fcks meist valib oma parema \u00e4ran\u00e4gemise j\u00e4rgi. Lisaks sellele kirjutab ta samas<span class=\"ellipsis\">&hellip;<\/span><\/p>\n<div class=\"read-more\"><a href=\"https:\/\/toompark.com\/aarne\/mihkels-linnaosavanema-veerg-pole-valimiskampaania-tegemise-koht\/\">Loe veel &#8250;<\/a><\/div>\n<p><!-- end of .read-more --><\/p>\n","protected":false},"author":1,"featured_media":16385,"comment_status":"open","ping_status":"open","sticky":false,"template":"","format":"standard","meta":{"_jetpack_memberships_contains_paid_content":false,"footnotes":"","jetpack_publicize_message":"","jetpack_publicize_feature_enabled":true,"jetpack_social_post_already_shared":false,"jetpack_social_options":{"image_generator_settings":{"template":"highway","default_image_id":0,"font":"","enabled":false},"version":2}},"categories":[1],"tags":[9,4,82,12,81],"class_list":["post-553","post","type-post","status-publish","format-standard","has-post-thumbnail","hentry","category-aarne-bloog","tag-elu","tag-kodu","tag-mustamae","tag-poliitika","tag-tallinn"],"yoast_head":"<!-- This site is optimized with the Yoast SEO plugin v27.5 - https:\/\/yoast.com\/product\/yoast-seo-wordpress\/ -->\n<title>Mihkels: Linnaosavanema veerg pole valimiskampaania tegemise koht - Aarne bloog<\/title>\n<meta name=\"robots\" content=\"index, follow, max-snippet:-1, max-image-preview:large, max-video-preview:-1\" \/>\n<link rel=\"canonical\" href=\"https:\/\/toompark.com\/aarne\/mihkels-linnaosavanema-veerg-pole-valimiskampaania-tegemise-koht\/\" \/>\n<meta property=\"og:locale\" content=\"et_EE\" \/>\n<meta property=\"og:type\" content=\"article\" \/>\n<meta property=\"og:title\" content=\"Mihkels: Linnaosavanema veerg pole valimiskampaania tegemise koht - Aarne bloog\" \/>\n<meta property=\"og:description\" content=\"Vastsest ajalehest &quot;MUSTAM\u00c4E&quot; saab kohe esilehelt lugeda linnaosavanema Kalle Mihkelsi kuldseid s\u00f5nu: Et linnaosavanema veerg pole valimiskampaania tegemise koht, siis j\u00e4\u00e4gu erakond, kellele kuulub minu poolehoid, siinkohal nimetamata. Iga\u00fcks meist valib oma parema \u00e4ran\u00e4gemise j\u00e4rgi. Lisaks sellele kirjutab ta samas&hellip;Loe veel &#8250;\" \/>\n<meta property=\"og:url\" content=\"https:\/\/toompark.com\/aarne\/mihkels-linnaosavanema-veerg-pole-valimiskampaania-tegemise-koht\/\" \/>\n<meta property=\"og:site_name\" content=\"Aarne bloog\" \/>\n<meta property=\"article:publisher\" content=\"https:\/\/www.facebook.com\/aarne.toompark\" \/>\n<meta property=\"article:author\" content=\"https:\/\/www.facebook.com\/aarne.toompark\" \/>\n<meta property=\"article:published_time\" content=\"2007-02-26T06:33:05+00:00\" \/>\n<meta property=\"article:modified_time\" content=\"2024-01-26T11:03:09+00:00\" \/>\n<meta property=\"og:image\" content=\"https:\/\/toompark.com\/aarne\/wp-content\/uploads\/2016\/11\/aarne-toompark.jpg\" \/>\n\t<meta property=\"og:image:width\" content=\"500\" \/>\n\t<meta property=\"og:image:height\" content=\"500\" \/>\n\t<meta property=\"og:image:type\" content=\"image\/jpeg\" \/>\n<meta name=\"author\" content=\"Aarne\" \/>\n<meta name=\"twitter:card\" content=\"summary_large_image\" \/>\n<meta name=\"twitter:creator\" content=\"@Aarne\" \/>\n<meta name=\"twitter:site\" content=\"@Aarne\" \/>\n<meta name=\"twitter:label1\" content=\"Written by\" \/>\n\t<meta name=\"twitter:data1\" content=\"Aarne\" \/>\n\t<meta name=\"twitter:label2\" content=\"Est. reading time\" \/>\n\t<meta name=\"twitter:data2\" content=\"1 minut\" \/>\n<script type=\"application\/ld+json\" class=\"yoast-schema-graph\">{\"@context\":\"https:\\\/\\\/schema.org\",\"@graph\":[{\"@type\":\"Article\",\"@id\":\"https:\\\/\\\/toompark.com\\\/aarne\\\/mihkels-linnaosavanema-veerg-pole-valimiskampaania-tegemise-koht\\\/#article\",\"isPartOf\":{\"@id\":\"https:\\\/\\\/toompark.com\\\/aarne\\\/mihkels-linnaosavanema-veerg-pole-valimiskampaania-tegemise-koht\\\/\"},\"author\":{\"name\":\"Aarne\",\"@id\":\"https:\\\/\\\/toompark.com\\\/aarne\\\/#\\\/schema\\\/person\\\/cad6a11e0fa62991870721d353fe8b1b\"},\"headline\":\"Mihkels: Linnaosavanema veerg pole valimiskampaania tegemise koht\",\"datePublished\":\"2007-02-26T06:33:05+00:00\",\"dateModified\":\"2024-01-26T11:03:09+00:00\",\"mainEntityOfPage\":{\"@id\":\"https:\\\/\\\/toompark.com\\\/aarne\\\/mihkels-linnaosavanema-veerg-pole-valimiskampaania-tegemise-koht\\\/\"},\"wordCount\":194,\"commentCount\":0,\"publisher\":{\"@id\":\"https:\\\/\\\/toompark.com\\\/aarne\\\/#\\\/schema\\\/person\\\/cad6a11e0fa62991870721d353fe8b1b\"},\"image\":{\"@id\":\"https:\\\/\\\/toompark.com\\\/aarne\\\/mihkels-linnaosavanema-veerg-pole-valimiskampaania-tegemise-koht\\\/#primaryimage\"},\"thumbnailUrl\":\"https:\\\/\\\/toompark.com\\\/aarne\\\/wp-content\\\/uploads\\\/2016\\\/11\\\/aarne-toompark.jpg\",\"keywords\":[\"Elu\",\"Kodu\",\"Mustam\u00e4e\",\"Poliitika\",\"Tallinn\"],\"articleSection\":[\"Aarne bloog\"],\"inLanguage\":\"et\",\"potentialAction\":[{\"@type\":\"CommentAction\",\"name\":\"Comment\",\"target\":[\"https:\\\/\\\/toompark.com\\\/aarne\\\/mihkels-linnaosavanema-veerg-pole-valimiskampaania-tegemise-koht\\\/#respond\"]}]},{\"@type\":\"WebPage\",\"@id\":\"https:\\\/\\\/toompark.com\\\/aarne\\\/mihkels-linnaosavanema-veerg-pole-valimiskampaania-tegemise-koht\\\/\",\"url\":\"https:\\\/\\\/toompark.com\\\/aarne\\\/mihkels-linnaosavanema-veerg-pole-valimiskampaania-tegemise-koht\\\/\",\"name\":\"Mihkels: Linnaosavanema veerg pole valimiskampaania tegemise koht - Aarne bloog\",\"isPartOf\":{\"@id\":\"https:\\\/\\\/toompark.com\\\/aarne\\\/#website\"},\"primaryImageOfPage\":{\"@id\":\"https:\\\/\\\/toompark.com\\\/aarne\\\/mihkels-linnaosavanema-veerg-pole-valimiskampaania-tegemise-koht\\\/#primaryimage\"},\"image\":{\"@id\":\"https:\\\/\\\/toompark.com\\\/aarne\\\/mihkels-linnaosavanema-veerg-pole-valimiskampaania-tegemise-koht\\\/#primaryimage\"},\"thumbnailUrl\":\"https:\\\/\\\/toompark.com\\\/aarne\\\/wp-content\\\/uploads\\\/2016\\\/11\\\/aarne-toompark.jpg\",\"datePublished\":\"2007-02-26T06:33:05+00:00\",\"dateModified\":\"2024-01-26T11:03:09+00:00\",\"breadcrumb\":{\"@id\":\"https:\\\/\\\/toompark.com\\\/aarne\\\/mihkels-linnaosavanema-veerg-pole-valimiskampaania-tegemise-koht\\\/#breadcrumb\"},\"inLanguage\":\"et\",\"potentialAction\":[{\"@type\":\"ReadAction\",\"target\":[\"https:\\\/\\\/toompark.com\\\/aarne\\\/mihkels-linnaosavanema-veerg-pole-valimiskampaania-tegemise-koht\\\/\"]}]},{\"@type\":\"ImageObject\",\"inLanguage\":\"et\",\"@id\":\"https:\\\/\\\/toompark.com\\\/aarne\\\/mihkels-linnaosavanema-veerg-pole-valimiskampaania-tegemise-koht\\\/#primaryimage\",\"url\":\"https:\\\/\\\/toompark.com\\\/aarne\\\/wp-content\\\/uploads\\\/2016\\\/11\\\/aarne-toompark.jpg\",\"contentUrl\":\"https:\\\/\\\/toompark.com\\\/aarne\\\/wp-content\\\/uploads\\\/2016\\\/11\\\/aarne-toompark.jpg\",\"width\":500,\"height\":500},{\"@type\":\"BreadcrumbList\",\"@id\":\"https:\\\/\\\/toompark.com\\\/aarne\\\/mihkels-linnaosavanema-veerg-pole-valimiskampaania-tegemise-koht\\\/#breadcrumb\",\"itemListElement\":[{\"@type\":\"ListItem\",\"position\":1,\"name\":\"Home\",\"item\":\"https:\\\/\\\/toompark.com\\\/aarne\\\/\"},{\"@type\":\"ListItem\",\"position\":2,\"name\":\"Aarne bloog\",\"item\":\"https:\\\/\\\/toompark.com\\\/aarne\\\/kategooria\\\/aarne-bloog\\\/\"},{\"@type\":\"ListItem\",\"position\":3,\"name\":\"Mihkels: Linnaosavanema veerg pole valimiskampaania tegemise koht\"}]},{\"@type\":\"WebSite\",\"@id\":\"https:\\\/\\\/toompark.com\\\/aarne\\\/#website\",\"url\":\"https:\\\/\\\/toompark.com\\\/aarne\\\/\",\"name\":\"Aarne bloog\",\"description\":\"Aarne elu ja tegemised - elu ise\",\"publisher\":{\"@id\":\"https:\\\/\\\/toompark.com\\\/aarne\\\/#\\\/schema\\\/person\\\/cad6a11e0fa62991870721d353fe8b1b\"},\"potentialAction\":[{\"@type\":\"SearchAction\",\"target\":{\"@type\":\"EntryPoint\",\"urlTemplate\":\"https:\\\/\\\/toompark.com\\\/aarne\\\/?s={search_term_string}\"},\"query-input\":{\"@type\":\"PropertyValueSpecification\",\"valueRequired\":true,\"valueName\":\"search_term_string\"}}],\"inLanguage\":\"et\"},{\"@type\":[\"Person\",\"Organization\"],\"@id\":\"https:\\\/\\\/toompark.com\\\/aarne\\\/#\\\/schema\\\/person\\\/cad6a11e0fa62991870721d353fe8b1b\",\"name\":\"Aarne\",\"image\":{\"@type\":\"ImageObject\",\"inLanguage\":\"et\",\"@id\":\"https:\\\/\\\/toompark.com\\\/aarne\\\/wp-content\\\/uploads\\\/2016\\\/11\\\/aarne-toompark.jpg\",\"url\":\"https:\\\/\\\/toompark.com\\\/aarne\\\/wp-content\\\/uploads\\\/2016\\\/11\\\/aarne-toompark.jpg\",\"contentUrl\":\"https:\\\/\\\/toompark.com\\\/aarne\\\/wp-content\\\/uploads\\\/2016\\\/11\\\/aarne-toompark.jpg\",\"width\":500,\"height\":500,\"caption\":\"Aarne\"},\"logo\":{\"@id\":\"https:\\\/\\\/toompark.com\\\/aarne\\\/wp-content\\\/uploads\\\/2016\\\/11\\\/aarne-toompark.jpg\"},\"sameAs\":[\"https:\\\/\\\/toompark.com\\\/aarne\\\/\",\"https:\\\/\\\/www.facebook.com\\\/aarne.toompark\",\"https:\\\/\\\/www.instagram.com\\\/aarnet\\\/\",\"https:\\\/\\\/www.linkedin.com\\\/in\\\/aarnetoompark\\\/\",\"https:\\\/\\\/x.com\\\/Aarne\"],\"url\":\"https:\\\/\\\/toompark.com\\\/aarne\\\/author\\\/aarne\\\/\"}]}<\/script>\n<!-- \/ Yoast SEO plugin. -->","yoast_head_json":{"title":"Mihkels: Linnaosavanema veerg pole valimiskampaania tegemise koht - Aarne bloog","robots":{"index":"index","follow":"follow","max-snippet":"max-snippet:-1","max-image-preview":"max-image-preview:large","max-video-preview":"max-video-preview:-1"},"canonical":"https:\/\/toompark.com\/aarne\/mihkels-linnaosavanema-veerg-pole-valimiskampaania-tegemise-koht\/","og_locale":"et_EE","og_type":"article","og_title":"Mihkels: Linnaosavanema veerg pole valimiskampaania tegemise koht - Aarne bloog","og_description":"Vastsest ajalehest \"MUSTAM\u00c4E\" saab kohe esilehelt lugeda linnaosavanema Kalle Mihkelsi kuldseid s\u00f5nu: Et linnaosavanema veerg pole valimiskampaania tegemise koht, siis j\u00e4\u00e4gu erakond, kellele kuulub minu poolehoid, siinkohal nimetamata. Iga\u00fcks meist valib oma parema \u00e4ran\u00e4gemise j\u00e4rgi. Lisaks sellele kirjutab ta samas&hellip;Loe veel &#8250;","og_url":"https:\/\/toompark.com\/aarne\/mihkels-linnaosavanema-veerg-pole-valimiskampaania-tegemise-koht\/","og_site_name":"Aarne bloog","article_publisher":"https:\/\/www.facebook.com\/aarne.toompark","article_author":"https:\/\/www.facebook.com\/aarne.toompark","article_published_time":"2007-02-26T06:33:05+00:00","article_modified_time":"2024-01-26T11:03:09+00:00","og_image":[{"width":500,"height":500,"url":"https:\/\/toompark.com\/aarne\/wp-content\/uploads\/2016\/11\/aarne-toompark.jpg","type":"image\/jpeg"}],"author":"Aarne","twitter_card":"summary_large_image","twitter_creator":"@Aarne","twitter_site":"@Aarne","twitter_misc":{"Written by":"Aarne","Est. reading time":"1 minut"},"schema":{"@context":"https:\/\/schema.org","@graph":[{"@type":"Article","@id":"https:\/\/toompark.com\/aarne\/mihkels-linnaosavanema-veerg-pole-valimiskampaania-tegemise-koht\/#article","isPartOf":{"@id":"https:\/\/toompark.com\/aarne\/mihkels-linnaosavanema-veerg-pole-valimiskampaania-tegemise-koht\/"},"author":{"name":"Aarne","@id":"https:\/\/toompark.com\/aarne\/#\/schema\/person\/cad6a11e0fa62991870721d353fe8b1b"},"headline":"Mihkels: Linnaosavanema veerg pole valimiskampaania tegemise koht","datePublished":"2007-02-26T06:33:05+00:00","dateModified":"2024-01-26T11:03:09+00:00","mainEntityOfPage":{"@id":"https:\/\/toompark.com\/aarne\/mihkels-linnaosavanema-veerg-pole-valimiskampaania-tegemise-koht\/"},"wordCount":194,"commentCount":0,"publisher":{"@id":"https:\/\/toompark.com\/aarne\/#\/schema\/person\/cad6a11e0fa62991870721d353fe8b1b"},"image":{"@id":"https:\/\/toompark.com\/aarne\/mihkels-linnaosavanema-veerg-pole-valimiskampaania-tegemise-koht\/#primaryimage"},"thumbnailUrl":"https:\/\/toompark.com\/aarne\/wp-content\/uploads\/2016\/11\/aarne-toompark.jpg","keywords":["Elu","Kodu","Mustam\u00e4e","Poliitika","Tallinn"],"articleSection":["Aarne bloog"],"inLanguage":"et","potentialAction":[{"@type":"CommentAction","name":"Comment","target":["https:\/\/toompark.com\/aarne\/mihkels-linnaosavanema-veerg-pole-valimiskampaania-tegemise-koht\/#respond"]}]},{"@type":"WebPage","@id":"https:\/\/toompark.com\/aarne\/mihkels-linnaosavanema-veerg-pole-valimiskampaania-tegemise-koht\/","url":"https:\/\/toompark.com\/aarne\/mihkels-linnaosavanema-veerg-pole-valimiskampaania-tegemise-koht\/","name":"Mihkels: Linnaosavanema veerg pole valimiskampaania tegemise koht - Aarne bloog","isPartOf":{"@id":"https:\/\/toompark.com\/aarne\/#website"},"primaryImageOfPage":{"@id":"https:\/\/toompark.com\/aarne\/mihkels-linnaosavanema-veerg-pole-valimiskampaania-tegemise-koht\/#primaryimage"},"image":{"@id":"https:\/\/toompark.com\/aarne\/mihkels-linnaosavanema-veerg-pole-valimiskampaania-tegemise-koht\/#primaryimage"},"thumbnailUrl":"https:\/\/toompark.com\/aarne\/wp-content\/uploads\/2016\/11\/aarne-toompark.jpg","datePublished":"2007-02-26T06:33:05+00:00","dateModified":"2024-01-26T11:03:09+00:00","breadcrumb":{"@id":"https:\/\/toompark.com\/aarne\/mihkels-linnaosavanema-veerg-pole-valimiskampaania-tegemise-koht\/#breadcrumb"},"inLanguage":"et","potentialAction":[{"@type":"ReadAction","target":["https:\/\/toompark.com\/aarne\/mihkels-linnaosavanema-veerg-pole-valimiskampaania-tegemise-koht\/"]}]},{"@type":"ImageObject","inLanguage":"et","@id":"https:\/\/toompark.com\/aarne\/mihkels-linnaosavanema-veerg-pole-valimiskampaania-tegemise-koht\/#primaryimage","url":"https:\/\/toompark.com\/aarne\/wp-content\/uploads\/2016\/11\/aarne-toompark.jpg","contentUrl":"https:\/\/toompark.com\/aarne\/wp-content\/uploads\/2016\/11\/aarne-toompark.jpg","width":500,"height":500},{"@type":"BreadcrumbList","@id":"https:\/\/toompark.com\/aarne\/mihkels-linnaosavanema-veerg-pole-valimiskampaania-tegemise-koht\/#breadcrumb","itemListElement":[{"@type":"ListItem","position":1,"name":"Home","item":"https:\/\/toompark.com\/aarne\/"},{"@type":"ListItem","position":2,"name":"Aarne bloog","item":"https:\/\/toompark.com\/aarne\/kategooria\/aarne-bloog\/"},{"@type":"ListItem","position":3,"name":"Mihkels: Linnaosavanema veerg pole valimiskampaania tegemise koht"}]},{"@type":"WebSite","@id":"https:\/\/toompark.com\/aarne\/#website","url":"https:\/\/toompark.com\/aarne\/","name":"Aarne bloog","description":"Aarne elu ja tegemised - elu ise","publisher":{"@id":"https:\/\/toompark.com\/aarne\/#\/schema\/person\/cad6a11e0fa62991870721d353fe8b1b"},"potentialAction":[{"@type":"SearchAction","target":{"@type":"EntryPoint","urlTemplate":"https:\/\/toompark.com\/aarne\/?s={search_term_string}"},"query-input":{"@type":"PropertyValueSpecification","valueRequired":true,"valueName":"search_term_string"}}],"inLanguage":"et"},{"@type":["Person","Organization"],"@id":"https:\/\/toompark.com\/aarne\/#\/schema\/person\/cad6a11e0fa62991870721d353fe8b1b","name":"Aarne","image":{"@type":"ImageObject","inLanguage":"et","@id":"https:\/\/toompark.com\/aarne\/wp-content\/uploads\/2016\/11\/aarne-toompark.jpg","url":"https:\/\/toompark.com\/aarne\/wp-content\/uploads\/2016\/11\/aarne-toompark.jpg","contentUrl":"https:\/\/toompark.com\/aarne\/wp-content\/uploads\/2016\/11\/aarne-toompark.jpg","width":500,"height":500,"caption":"Aarne"},"logo":{"@id":"https:\/\/toompark.com\/aarne\/wp-content\/uploads\/2016\/11\/aarne-toompark.jpg"},"sameAs":["https:\/\/toompark.com\/aarne\/","https:\/\/www.facebook.com\/aarne.toompark","https:\/\/www.instagram.com\/aarnet\/","https:\/\/www.linkedin.com\/in\/aarnetoompark\/","https:\/\/x.com\/Aarne"],"url":"https:\/\/toompark.com\/aarne\/author\/aarne\/"}]}},"jetpack_publicize_connections":[],"jetpack_featured_media_url":"https:\/\/toompark.com\/aarne\/wp-content\/uploads\/2016\/11\/aarne-toompark.jpg","jetpack_sharing_enabled":true,"jetpack_shortlink":"https:\/\/wp.me\/p4ti3-8V","_links":{"self":[{"href":"https:\/\/toompark.com\/aarne\/wp-json\/wp\/v2\/posts\/553","targetHints":{"allow":["GET"]}}],"collection":[{"href":"https:\/\/toompark.com\/aarne\/wp-json\/wp\/v2\/posts"}],"about":[{"href":"https:\/\/toompark.com\/aarne\/wp-json\/wp\/v2\/types\/post"}],"author":[{"embeddable":true,"href":"https:\/\/toompark.com\/aarne\/wp-json\/wp\/v2\/users\/1"}],"replies":[{"embeddable":true,"href":"https:\/\/toompark.com\/aarne\/wp-json\/wp\/v2\/comments?post=553"}],"version-history":[{"count":0,"href":"https:\/\/toompark.com\/aarne\/wp-json\/wp\/v2\/posts\/553\/revisions"}],"wp:featuredmedia":[{"embeddable":true,"href":"https:\/\/toompark.com\/aarne\/wp-json\/wp\/v2\/media\/16385"}],"wp:attachment":[{"href":"https:\/\/toompark.com\/aarne\/wp-json\/wp\/v2\/media?parent=553"}],"wp:term":[{"taxonomy":"category","embeddable":true,"href":"https:\/\/toompark.com\/aarne\/wp-json\/wp\/v2\/categories?post=553"},{"taxonomy":"post_tag","embeddable":true,"href":"https:\/\/toompark.com\/aarne\/wp-json\/wp\/v2\/tags?post=553"}],"curies":[{"name":"wp","href":"https:\/\/api.w.org\/{rel}","templated":true}]}}