{"id":594,"date":"2007-03-28T13:04:44","date_gmt":"2007-03-28T10:04:44","guid":{"rendered":"https:\/\/toompark.com\/aarne\/miks-kolmapaevast-lehte-lugeda-ei-saa\/"},"modified":"2023-03-28T05:45:19","modified_gmt":"2023-03-28T03:45:19","slug":"miks-kolmapaevast-lehte-lugeda-ei-saa","status":"publish","type":"post","link":"https:\/\/toompark.com\/aarne\/miks-kolmapaevast-lehte-lugeda-ei-saa\/","title":{"rendered":"Miks kolmap\u00e4evast lehte lugeda ei saa?"},"content":{"rendered":"<p><img decoding=\"async\" src=\"https:\/\/toompark.com\/aarne\/wp-content\/uploads\/2007\/03\/marts_2007.jpg\" alt=\"M\u00e4rts 2007 : \u00f5ige kalender\" hspace=\"5\" align=\"right\" \/>Kellel juhtub t\u00e4naseid ajalehti olema, see vaadaku, mis kuup\u00e4eval need v\u00e4lja on antud.<\/p>\n<p>T\u00e4nane Postimees tulevikust kannab kuup\u00e4eva \"<strong>Neljap\u00e4ev, 28. m\u00e4rts 200<\/strong>7\". \u00c4rip\u00e4ev on siiani n\u00e4dala alguses, t\u00e4nasele lehele on kuup\u00e4evaks \"<strong>Esmasp\u00e4ev, 28. m\u00e4rts 2007<\/strong>\".<\/p>\n<p>Kindlasti on ka teiste t\u00e4na ilmuvate lehtedega mingi jama, aga neid ei ole mul k\u00e4ep\u00e4rast.<\/p>\n<p>Kes veel ei tea, sellele infoks, et aastal 2007 on 28. m\u00e4rts KOLMAP\u00c4EV. Sportlikust huvist vaatasin kalendrist j\u00e4rele, et millistel aastatel need kuup\u00e4evad klapiksid. 28.03 on esmasp\u00e4ev aastal  2011 ja neljap\u00e4ev aastal 2013. Viimati oli 28. m\u00e4rts esmasp\u00e4ev 2005 ja neljap\u00e4ev 2002 aastal.<\/p>\n<p>Ma ei tea, kes ja kuidas ajalehe p\u00e4isesse neid kuup\u00e4evi kirjutab, aga igatahes tahaksin toredat kevadet soovida. Teen selle siinkohal \u00e4ra.<\/p>\n<p>TOREDAT KEVADET, ajalehe p\u00e4isesse kuup\u00e4eva kirjutaja!<\/p>\n","protected":false},"excerpt":{"rendered":"<p>Kellel juhtub t\u00e4naseid ajalehti olema, see vaadaku, mis kuup\u00e4eval need v\u00e4lja on antud. T\u00e4nane Postimees tulevikust kannab kuup\u00e4eva &#8220;Neljap\u00e4ev, 28. m\u00e4rts 2007&#8221;. \u00c4rip\u00e4ev on siiani n\u00e4dala alguses, t\u00e4nasele lehele on kuup\u00e4evaks &#8220;Esmasp\u00e4ev, 28. m\u00e4rts 2007&#8221;. Kindlasti on ka teiste t\u00e4na<span class=\"ellipsis\">&hellip;<\/span><\/p>\n<div class=\"read-more\"><a href=\"https:\/\/toompark.com\/aarne\/miks-kolmapaevast-lehte-lugeda-ei-saa\/\">Loe veel &#8250;<\/a><\/div>\n<p><!-- end of .read-more --><\/p>\n","protected":false},"author":1,"featured_media":595,"comment_status":"open","ping_status":"open","sticky":false,"template":"","format":"standard","meta":{"_jetpack_newsletter_access":"","_jetpack_dont_email_post_to_subs":false,"_jetpack_newsletter_tier_id":0,"_jetpack_memberships_contains_paywalled_content":false,"_jetpack_feature_clip_id":0,"_jetpack_memberships_contains_paid_content":false,"footnotes":"","jetpack_publicize_message":"","jetpack_publicize_feature_enabled":true,"jetpack_social_post_already_shared":false,"jetpack_social_options":{"image_generator_settings":{"template":"highway","default_image_id":0,"font":"","enabled":false},"version":2},"jetpack_post_was_ever_published":false},"categories":[1],"tags":[9,7,176,14],"class_list":["post-594","post","type-post","status-publish","format-standard","has-post-thumbnail","hentry","category-aarne-bloog","tag-elu","tag-nali-ja-naer","tag-postimees","tag-tahtpaevad"],"yoast_head":"<!-- This site is optimized with the Yoast SEO plugin v28.4 - https:\/\/yoast.com\/product\/yoast-seo-wordpress\/ -->\n<title>Miks kolmap\u00e4evast lehte lugeda ei saa? - Aarne bloog<\/title>\n<meta name=\"robots\" content=\"index, follow, max-snippet:-1, max-image-preview:large, max-video-preview:-1\" \/>\n<link rel=\"canonical\" href=\"https:\/\/toompark.com\/aarne\/miks-kolmapaevast-lehte-lugeda-ei-saa\/\" \/>\n<meta property=\"og:locale\" content=\"et_EE\" \/>\n<meta property=\"og:type\" content=\"article\" \/>\n<meta property=\"og:title\" content=\"Miks kolmap\u00e4evast lehte lugeda ei saa? - Aarne bloog\" \/>\n<meta property=\"og:description\" content=\"Kellel juhtub t\u00e4naseid ajalehti olema, see vaadaku, mis kuup\u00e4eval need v\u00e4lja on antud. T\u00e4nane Postimees tulevikust kannab kuup\u00e4eva &quot;Neljap\u00e4ev, 28. m\u00e4rts 2007&quot;. \u00c4rip\u00e4ev on siiani n\u00e4dala alguses, t\u00e4nasele lehele on kuup\u00e4evaks &quot;Esmasp\u00e4ev, 28. m\u00e4rts 2007&quot;. Kindlasti on ka teiste t\u00e4na&hellip;Loe veel &#8250;\" \/>\n<meta property=\"og:url\" content=\"https:\/\/toompark.com\/aarne\/miks-kolmapaevast-lehte-lugeda-ei-saa\/\" \/>\n<meta property=\"og:site_name\" content=\"Aarne bloog\" \/>\n<meta property=\"article:publisher\" content=\"https:\/\/www.facebook.com\/aarne.toompark\" \/>\n<meta property=\"article:author\" content=\"https:\/\/www.facebook.com\/aarne.toompark\" \/>\n<meta property=\"article:published_time\" content=\"2007-03-28T10:04:44+00:00\" \/>\n<meta property=\"article:modified_time\" content=\"2023-03-28T03:45:19+00:00\" \/>\n<meta property=\"og:image\" content=\"https:\/\/toompark.com\/aarne\/wp-content\/uploads\/2007\/03\/marts_2007.jpg\" \/>\n\t<meta property=\"og:image:width\" content=\"158\" \/>\n\t<meta property=\"og:image:height\" content=\"125\" \/>\n\t<meta property=\"og:image:type\" content=\"image\/jpeg\" \/>\n<meta name=\"author\" content=\"Aarne\" \/>\n<meta name=\"twitter:card\" content=\"summary_large_image\" \/>\n<meta name=\"twitter:creator\" content=\"@Aarne\" \/>\n<meta name=\"twitter:site\" content=\"@Aarne\" \/>\n<meta name=\"twitter:label1\" content=\"Kirjutanud\" \/>\n\t<meta name=\"twitter:data1\" content=\"Aarne\" \/>\n\t<meta name=\"twitter:label2\" content=\"Eeldatav lugemisaeg\" \/>\n\t<meta name=\"twitter:data2\" content=\"1 minut\" \/>\n<script type=\"application\/ld+json\" class=\"yoast-schema-graph\">{\"@context\":\"https:\\\/\\\/schema.org\",\"@graph\":[{\"@type\":\"Article\",\"@id\":\"https:\\\/\\\/toompark.com\\\/aarne\\\/miks-kolmapaevast-lehte-lugeda-ei-saa\\\/#article\",\"isPartOf\":{\"@id\":\"https:\\\/\\\/toompark.com\\\/aarne\\\/miks-kolmapaevast-lehte-lugeda-ei-saa\\\/\"},\"author\":{\"name\":\"Aarne\",\"@id\":\"https:\\\/\\\/toompark.com\\\/aarne\\\/#\\\/schema\\\/person\\\/cad6a11e0fa62991870721d353fe8b1b\"},\"headline\":\"Miks kolmap\u00e4evast lehte lugeda ei saa?\",\"datePublished\":\"2007-03-28T10:04:44+00:00\",\"dateModified\":\"2023-03-28T03:45:19+00:00\",\"mainEntityOfPage\":{\"@id\":\"https:\\\/\\\/toompark.com\\\/aarne\\\/miks-kolmapaevast-lehte-lugeda-ei-saa\\\/\"},\"wordCount\":144,\"commentCount\":1,\"publisher\":{\"@id\":\"https:\\\/\\\/toompark.com\\\/aarne\\\/#\\\/schema\\\/person\\\/cad6a11e0fa62991870721d353fe8b1b\"},\"image\":{\"@id\":\"https:\\\/\\\/toompark.com\\\/aarne\\\/miks-kolmapaevast-lehte-lugeda-ei-saa\\\/#primaryimage\"},\"thumbnailUrl\":\"https:\\\/\\\/toompark.com\\\/aarne\\\/wp-content\\\/uploads\\\/2007\\\/03\\\/marts_2007.jpg\",\"keywords\":[\"Elu\",\"Nali ja naer\",\"Postimees\",\"T\u00e4htp\u00e4evad\"],\"articleSection\":[\"Aarne bloog\"],\"inLanguage\":\"et\",\"potentialAction\":[{\"@type\":\"CommentAction\",\"name\":\"Comment\",\"target\":[\"https:\\\/\\\/toompark.com\\\/aarne\\\/miks-kolmapaevast-lehte-lugeda-ei-saa\\\/#respond\"]}]},{\"@type\":\"WebPage\",\"@id\":\"https:\\\/\\\/toompark.com\\\/aarne\\\/miks-kolmapaevast-lehte-lugeda-ei-saa\\\/\",\"url\":\"https:\\\/\\\/toompark.com\\\/aarne\\\/miks-kolmapaevast-lehte-lugeda-ei-saa\\\/\",\"name\":\"Miks kolmap\u00e4evast lehte lugeda ei saa? - Aarne bloog\",\"isPartOf\":{\"@id\":\"https:\\\/\\\/toompark.com\\\/aarne\\\/#website\"},\"primaryImageOfPage\":{\"@id\":\"https:\\\/\\\/toompark.com\\\/aarne\\\/miks-kolmapaevast-lehte-lugeda-ei-saa\\\/#primaryimage\"},\"image\":{\"@id\":\"https:\\\/\\\/toompark.com\\\/aarne\\\/miks-kolmapaevast-lehte-lugeda-ei-saa\\\/#primaryimage\"},\"thumbnailUrl\":\"https:\\\/\\\/toompark.com\\\/aarne\\\/wp-content\\\/uploads\\\/2007\\\/03\\\/marts_2007.jpg\",\"datePublished\":\"2007-03-28T10:04:44+00:00\",\"dateModified\":\"2023-03-28T03:45:19+00:00\",\"breadcrumb\":{\"@id\":\"https:\\\/\\\/toompark.com\\\/aarne\\\/miks-kolmapaevast-lehte-lugeda-ei-saa\\\/#breadcrumb\"},\"inLanguage\":\"et\",\"potentialAction\":[{\"@type\":\"ReadAction\",\"target\":[\"https:\\\/\\\/toompark.com\\\/aarne\\\/miks-kolmapaevast-lehte-lugeda-ei-saa\\\/\"]}]},{\"@type\":\"ImageObject\",\"inLanguage\":\"et\",\"@id\":\"https:\\\/\\\/toompark.com\\\/aarne\\\/miks-kolmapaevast-lehte-lugeda-ei-saa\\\/#primaryimage\",\"url\":\"https:\\\/\\\/toompark.com\\\/aarne\\\/wp-content\\\/uploads\\\/2007\\\/03\\\/marts_2007.jpg\",\"contentUrl\":\"https:\\\/\\\/toompark.com\\\/aarne\\\/wp-content\\\/uploads\\\/2007\\\/03\\\/marts_2007.jpg\",\"width\":158,\"height\":125},{\"@type\":\"BreadcrumbList\",\"@id\":\"https:\\\/\\\/toompark.com\\\/aarne\\\/miks-kolmapaevast-lehte-lugeda-ei-saa\\\/#breadcrumb\",\"itemListElement\":[{\"@type\":\"ListItem\",\"position\":1,\"name\":\"Home\",\"item\":\"https:\\\/\\\/toompark.com\\\/aarne\\\/\"},{\"@type\":\"ListItem\",\"position\":2,\"name\":\"Aarne bloog\",\"item\":\"https:\\\/\\\/toompark.com\\\/aarne\\\/kategooria\\\/aarne-bloog\\\/\"},{\"@type\":\"ListItem\",\"position\":3,\"name\":\"Miks kolmap\u00e4evast lehte lugeda ei saa?\"}]},{\"@type\":\"WebSite\",\"@id\":\"https:\\\/\\\/toompark.com\\\/aarne\\\/#website\",\"url\":\"https:\\\/\\\/toompark.com\\\/aarne\\\/\",\"name\":\"Aarne bloog\",\"description\":\"Aarne elu ja tegemised - elu ise\",\"publisher\":{\"@id\":\"https:\\\/\\\/toompark.com\\\/aarne\\\/#\\\/schema\\\/person\\\/cad6a11e0fa62991870721d353fe8b1b\"},\"potentialAction\":[{\"@type\":\"SearchAction\",\"target\":{\"@type\":\"EntryPoint\",\"urlTemplate\":\"https:\\\/\\\/toompark.com\\\/aarne\\\/?s={search_term_string}\"},\"query-input\":{\"@type\":\"PropertyValueSpecification\",\"valueRequired\":true,\"valueName\":\"search_term_string\"}}],\"inLanguage\":\"et\"},{\"@type\":[\"Person\",\"Organization\"],\"@id\":\"https:\\\/\\\/toompark.com\\\/aarne\\\/#\\\/schema\\\/person\\\/cad6a11e0fa62991870721d353fe8b1b\",\"name\":\"Aarne\",\"image\":{\"@type\":\"ImageObject\",\"inLanguage\":\"et\",\"@id\":\"https:\\\/\\\/toompark.com\\\/aarne\\\/wp-content\\\/uploads\\\/2016\\\/11\\\/aarne-toompark.jpg\",\"url\":\"https:\\\/\\\/toompark.com\\\/aarne\\\/wp-content\\\/uploads\\\/2016\\\/11\\\/aarne-toompark.jpg\",\"contentUrl\":\"https:\\\/\\\/toompark.com\\\/aarne\\\/wp-content\\\/uploads\\\/2016\\\/11\\\/aarne-toompark.jpg\",\"width\":500,\"height\":500,\"caption\":\"Aarne\"},\"logo\":{\"@id\":\"https:\\\/\\\/toompark.com\\\/aarne\\\/wp-content\\\/uploads\\\/2016\\\/11\\\/aarne-toompark.jpg\"},\"sameAs\":[\"https:\\\/\\\/toompark.com\\\/aarne\\\/\",\"https:\\\/\\\/www.facebook.com\\\/aarne.toompark\",\"https:\\\/\\\/www.instagram.com\\\/aarnet\\\/\",\"https:\\\/\\\/www.linkedin.com\\\/in\\\/aarnetoompark\\\/\",\"https:\\\/\\\/x.com\\\/Aarne\"],\"url\":\"https:\\\/\\\/toompark.com\\\/aarne\\\/author\\\/aarne\\\/\"}]}<\/script>\n<!-- \/ Yoast SEO plugin. -->","yoast_head_json":{"title":"Miks kolmap\u00e4evast lehte lugeda ei saa? - Aarne bloog","robots":{"index":"index","follow":"follow","max-snippet":"max-snippet:-1","max-image-preview":"max-image-preview:large","max-video-preview":"max-video-preview:-1"},"canonical":"https:\/\/toompark.com\/aarne\/miks-kolmapaevast-lehte-lugeda-ei-saa\/","og_locale":"et_EE","og_type":"article","og_title":"Miks kolmap\u00e4evast lehte lugeda ei saa? - Aarne bloog","og_description":"Kellel juhtub t\u00e4naseid ajalehti olema, see vaadaku, mis kuup\u00e4eval need v\u00e4lja on antud. T\u00e4nane Postimees tulevikust kannab kuup\u00e4eva \"Neljap\u00e4ev, 28. m\u00e4rts 2007\". \u00c4rip\u00e4ev on siiani n\u00e4dala alguses, t\u00e4nasele lehele on kuup\u00e4evaks \"Esmasp\u00e4ev, 28. m\u00e4rts 2007\". Kindlasti on ka teiste t\u00e4na&hellip;Loe veel &#8250;","og_url":"https:\/\/toompark.com\/aarne\/miks-kolmapaevast-lehte-lugeda-ei-saa\/","og_site_name":"Aarne bloog","article_publisher":"https:\/\/www.facebook.com\/aarne.toompark","article_author":"https:\/\/www.facebook.com\/aarne.toompark","article_published_time":"2007-03-28T10:04:44+00:00","article_modified_time":"2023-03-28T03:45:19+00:00","og_image":[{"width":158,"height":125,"url":"https:\/\/toompark.com\/aarne\/wp-content\/uploads\/2007\/03\/marts_2007.jpg","type":"image\/jpeg"}],"author":"Aarne","twitter_card":"summary_large_image","twitter_creator":"@Aarne","twitter_site":"@Aarne","twitter_misc":{"Kirjutanud":"Aarne","Eeldatav lugemisaeg":"1 minut"},"schema":{"@context":"https:\/\/schema.org","@graph":[{"@type":"Article","@id":"https:\/\/toompark.com\/aarne\/miks-kolmapaevast-lehte-lugeda-ei-saa\/#article","isPartOf":{"@id":"https:\/\/toompark.com\/aarne\/miks-kolmapaevast-lehte-lugeda-ei-saa\/"},"author":{"name":"Aarne","@id":"https:\/\/toompark.com\/aarne\/#\/schema\/person\/cad6a11e0fa62991870721d353fe8b1b"},"headline":"Miks kolmap\u00e4evast lehte lugeda ei saa?","datePublished":"2007-03-28T10:04:44+00:00","dateModified":"2023-03-28T03:45:19+00:00","mainEntityOfPage":{"@id":"https:\/\/toompark.com\/aarne\/miks-kolmapaevast-lehte-lugeda-ei-saa\/"},"wordCount":144,"commentCount":1,"publisher":{"@id":"https:\/\/toompark.com\/aarne\/#\/schema\/person\/cad6a11e0fa62991870721d353fe8b1b"},"image":{"@id":"https:\/\/toompark.com\/aarne\/miks-kolmapaevast-lehte-lugeda-ei-saa\/#primaryimage"},"thumbnailUrl":"https:\/\/toompark.com\/aarne\/wp-content\/uploads\/2007\/03\/marts_2007.jpg","keywords":["Elu","Nali ja naer","Postimees","T\u00e4htp\u00e4evad"],"articleSection":["Aarne bloog"],"inLanguage":"et","potentialAction":[{"@type":"CommentAction","name":"Comment","target":["https:\/\/toompark.com\/aarne\/miks-kolmapaevast-lehte-lugeda-ei-saa\/#respond"]}]},{"@type":"WebPage","@id":"https:\/\/toompark.com\/aarne\/miks-kolmapaevast-lehte-lugeda-ei-saa\/","url":"https:\/\/toompark.com\/aarne\/miks-kolmapaevast-lehte-lugeda-ei-saa\/","name":"Miks kolmap\u00e4evast lehte lugeda ei saa? - Aarne bloog","isPartOf":{"@id":"https:\/\/toompark.com\/aarne\/#website"},"primaryImageOfPage":{"@id":"https:\/\/toompark.com\/aarne\/miks-kolmapaevast-lehte-lugeda-ei-saa\/#primaryimage"},"image":{"@id":"https:\/\/toompark.com\/aarne\/miks-kolmapaevast-lehte-lugeda-ei-saa\/#primaryimage"},"thumbnailUrl":"https:\/\/toompark.com\/aarne\/wp-content\/uploads\/2007\/03\/marts_2007.jpg","datePublished":"2007-03-28T10:04:44+00:00","dateModified":"2023-03-28T03:45:19+00:00","breadcrumb":{"@id":"https:\/\/toompark.com\/aarne\/miks-kolmapaevast-lehte-lugeda-ei-saa\/#breadcrumb"},"inLanguage":"et","potentialAction":[{"@type":"ReadAction","target":["https:\/\/toompark.com\/aarne\/miks-kolmapaevast-lehte-lugeda-ei-saa\/"]}]},{"@type":"ImageObject","inLanguage":"et","@id":"https:\/\/toompark.com\/aarne\/miks-kolmapaevast-lehte-lugeda-ei-saa\/#primaryimage","url":"https:\/\/toompark.com\/aarne\/wp-content\/uploads\/2007\/03\/marts_2007.jpg","contentUrl":"https:\/\/toompark.com\/aarne\/wp-content\/uploads\/2007\/03\/marts_2007.jpg","width":158,"height":125},{"@type":"BreadcrumbList","@id":"https:\/\/toompark.com\/aarne\/miks-kolmapaevast-lehte-lugeda-ei-saa\/#breadcrumb","itemListElement":[{"@type":"ListItem","position":1,"name":"Home","item":"https:\/\/toompark.com\/aarne\/"},{"@type":"ListItem","position":2,"name":"Aarne bloog","item":"https:\/\/toompark.com\/aarne\/kategooria\/aarne-bloog\/"},{"@type":"ListItem","position":3,"name":"Miks kolmap\u00e4evast lehte lugeda ei saa?"}]},{"@type":"WebSite","@id":"https:\/\/toompark.com\/aarne\/#website","url":"https:\/\/toompark.com\/aarne\/","name":"Aarne bloog","description":"Aarne elu ja tegemised - elu ise","publisher":{"@id":"https:\/\/toompark.com\/aarne\/#\/schema\/person\/cad6a11e0fa62991870721d353fe8b1b"},"potentialAction":[{"@type":"SearchAction","target":{"@type":"EntryPoint","urlTemplate":"https:\/\/toompark.com\/aarne\/?s={search_term_string}"},"query-input":{"@type":"PropertyValueSpecification","valueRequired":true,"valueName":"search_term_string"}}],"inLanguage":"et"},{"@type":["Person","Organization"],"@id":"https:\/\/toompark.com\/aarne\/#\/schema\/person\/cad6a11e0fa62991870721d353fe8b1b","name":"Aarne","image":{"@type":"ImageObject","inLanguage":"et","@id":"https:\/\/toompark.com\/aarne\/wp-content\/uploads\/2016\/11\/aarne-toompark.jpg","url":"https:\/\/toompark.com\/aarne\/wp-content\/uploads\/2016\/11\/aarne-toompark.jpg","contentUrl":"https:\/\/toompark.com\/aarne\/wp-content\/uploads\/2016\/11\/aarne-toompark.jpg","width":500,"height":500,"caption":"Aarne"},"logo":{"@id":"https:\/\/toompark.com\/aarne\/wp-content\/uploads\/2016\/11\/aarne-toompark.jpg"},"sameAs":["https:\/\/toompark.com\/aarne\/","https:\/\/www.facebook.com\/aarne.toompark","https:\/\/www.instagram.com\/aarnet\/","https:\/\/www.linkedin.com\/in\/aarnetoompark\/","https:\/\/x.com\/Aarne"],"url":"https:\/\/toompark.com\/aarne\/author\/aarne\/"}]}},"jetpack_publicize_connections":[],"jetpack_sharing_enabled":true,"jetpack_shortlink":"https:\/\/wp.me\/p4ti3-9A","jetpack_featured_media_url":"https:\/\/toompark.com\/aarne\/wp-content\/uploads\/2007\/03\/marts_2007.jpg","_links":{"self":[{"href":"https:\/\/toompark.com\/aarne\/wp-json\/wp\/v2\/posts\/594","targetHints":{"allow":["GET"]}}],"collection":[{"href":"https:\/\/toompark.com\/aarne\/wp-json\/wp\/v2\/posts"}],"about":[{"href":"https:\/\/toompark.com\/aarne\/wp-json\/wp\/v2\/types\/post"}],"author":[{"embeddable":true,"href":"https:\/\/toompark.com\/aarne\/wp-json\/wp\/v2\/users\/1"}],"replies":[{"embeddable":true,"href":"https:\/\/toompark.com\/aarne\/wp-json\/wp\/v2\/comments?post=594"}],"version-history":[{"count":0,"href":"https:\/\/toompark.com\/aarne\/wp-json\/wp\/v2\/posts\/594\/revisions"}],"wp:featuredmedia":[{"embeddable":true,"href":"https:\/\/toompark.com\/aarne\/wp-json\/wp\/v2\/media\/595"}],"wp:attachment":[{"href":"https:\/\/toompark.com\/aarne\/wp-json\/wp\/v2\/media?parent=594"}],"wp:term":[{"taxonomy":"category","embeddable":true,"href":"https:\/\/toompark.com\/aarne\/wp-json\/wp\/v2\/categories?post=594"},{"taxonomy":"post_tag","embeddable":true,"href":"https:\/\/toompark.com\/aarne\/wp-json\/wp\/v2\/tags?post=594"}],"curies":[{"name":"wp","href":"https:\/\/api.w.org\/{rel}","templated":true}]}}