{"id":6486,"date":"2009-04-29T11:42:35","date_gmt":"2009-04-29T08:42:35","guid":{"rendered":"https:\/\/toompark.com\/aarne\/?p=6486"},"modified":"2023-01-11T13:02:02","modified_gmt":"2023-01-11T11:02:02","slug":"minu-eesti-mottetalgud-hotellis-dzingel","status":"publish","type":"post","link":"https:\/\/toompark.com\/aarne\/minu-eesti-mottetalgud-hotellis-dzingel\/","title":{"rendered":"K\u00fclalispostitus: Minu Eesti m\u00f5ttetalgud hotellis Dzingel"},"content":{"rendered":"<p><img loading=\"lazy\" decoding=\"async\" class=\"size-full wp-image-6475\" title=\"Teeme \u00e4ra - Minu Eesti 2009\" src=\"https:\/\/toompark.com\/aarne\/wp-content\/uploads\/2009\/04\/teeme-ara-minu-eesti-2009.jpg\" border=\"0\" alt=\"Teeme \u00e4ra - Minu Eesti 2009\" hspace=\"5\" width=\"220\" height=\"148\" align=\"right\" srcset=\"https:\/\/toompark.com\/aarne\/wp-content\/uploads\/2009\/04\/teeme-ara-minu-eesti-2009.jpg 220w, https:\/\/toompark.com\/aarne\/wp-content\/uploads\/2009\/04\/teeme-ara-minu-eesti-2009-100x67.jpg 100w, https:\/\/toompark.com\/aarne\/wp-content\/uploads\/2009\/04\/teeme-ara-minu-eesti-2009-150x101.jpg 150w, https:\/\/toompark.com\/aarne\/wp-content\/uploads\/2009\/04\/teeme-ara-minu-eesti-2009-200x135.jpg 200w\" sizes=\"auto, (max-width: 220px) 100vw, 220px\" \/>Kindlasti olete k\u00f5ik kuulnud taolisest \u00fcritusest? Hetkel on k\u00f5ikjal b\u00e4nnerid vilkumas - reklaam voolab sisse ustest ja akendest... Aga kas sa oled juba otsustanud ka osa v\u00f5tta?<\/p>\n<p>Need, kes viimasele k\u00fcsimusele jaatavalt saavad vastata v\u00f5ivad \u00fclej\u00e4\u00e4nud teksti lugemata j\u00e4tta ja miskit tarka s\u00e4\u00e4stetud ajal \u00e4ra teha... Teistele \u00fcritaks ma siiski selgeks teha, millega on tegu... Peale selle selgituse \u00e4ra lugemist on t\u00e4iesti teie enda otsustada, kas soovite osaleda ja kui soovite siis liituge lihtsalt selle m\u00f5ttekojaga, mille asukoht ja teemad teile k\u00f5ige paremini sobivad...<\/p>\n<p>K\u00f5igepealt tekib kindlasti k\u00fcsimus, et mis siis \u00e4ra tehakse? Eelmine aasta oli projekt lihtne \u2013 v\u00f5tsid reha ja kindad ja kilekoti ja l\u00e4ksid s\u00f5pradega Eestimaad pr\u00fcgist vabastama... Aga m\u00f5ttetalgud? V\u00f5iks ju v\u00e4ita, et tegeleme m\u00f5tlemisega pidevalt... Me ju k\u00f5ik teame, mis tuleks teisiti teha, et taevas sinisem, rohi rohelisem ja elu roosam oleks... Ega ma isegi alles hiljuti istusin paari s\u00f5bra, grillvorstide ja siidriga l\u00f5kke \u00e4\u00e4res ning sai palju tarku m\u00f5tteid m\u00f5eldud :)<\/p>\n<p>Aga millegip\u00e4rast peame tihti t\u00f5dema, et kui tuli on kustunud ja siider otsas ning v\u00f5ibolla hommikul ka aju kergelt valutab k\u00f5igist neist tarkadest m\u00f5tetest, mida ta pidi l\u00e4bi t\u00f6\u00f6tlema, siis k\u00f5ik on ikka vanaviisi... Linn on t\u00e4is plakateid, mis n\u00f5uavad vahetust, lehed on t\u00e4is j\u00e4rjest s\u00fcngemaid numbreid ning aremad inimesed uksekella kuuldes piiluvad kardina tagant, et ega must suur majanduskriis ei kipu \u00fcle nende l\u00e4ve astuma...<\/p>\n<p>Iroonia irooniaks... Aga endal on mul kahjuks tihti nii, et ideid on palju, aga lihtsalt pole aega, et midagi korda saata... V\u00f5i siis vastupidi \u2013 aega nagu oleks ja energiat ka, aga puudub idee... Ja mida v\u00e4iksem on seltskond siis seda tihedamini kipub nii olema. Seet\u00f5ttu ennast ka selle projektiga sidusin. Lihtsalt hetkel on juba kokku saadud piisav hulk inimesi, kes t\u00f5esti suudavad suuri asju korda saata... Lihtsalt m\u00fc\u00fcge neile oma idee ja n\u00e4idake suund ning te imestate kui kiiresti v\u00f5ib elu muutuda. Ja ma ei pea silmas neid inimesi, kes igap\u00e4evaselt meedia orbiidis on \u2013 pigem neid, kes on viimased kuud projekti koordineerinud, inimesi koolitanud ja logistilisi imesid korda saatnud.<\/p>\n<p>Aga tekib k\u00fcsimus, et kui juba nii palju tublisid inimesi koos on, siis miks peaksin mina end siia vahele segama... Las nad teevad ja las nad siis korraldavad!!! Olgem ausad, et Eesti Vabariik t\u00e4pselt sellise s\u00fcsteemiga p\u00fcsib \u2013 kord nelja aasta jooksul l\u00e4hen ja annan k\u00f5ige ilusamale ja targemale oma h\u00e4\u00e4le ja siis 4 aastat juhtub ainult h\u00e4id asju... Ja kui ei juhtu siis j\u00e4rgmine kord annan oma h\u00e4\u00e4le kellelegi teisele... Kui te t\u00f5esti tunnete, et k\u00f5ik on t\u00e4pselt nii nagu te lootsite ja soovisite ja uskusite viimane kord kui k\u00e4isite h\u00e4\u00e4letamas siis t\u00f5esti \u2013 on ju palju toredaid asju, mida kevadisel maikuu p\u00e4eval v\u00f5ib teha... Samas kui te siiski arvate, et on paar asja, mis v\u00f5iks teisiti olla siis tulge 1. mail ja jagage oma m\u00f5tteid teistega... Kuidas siis asjad ikkagi olla v\u00f5iks? Ja kuidas seda k\u00f5ike v\u00f5iks ja saaks saavutada?<\/p>\n<p>Kas me eestlastena v\u00f5ime \u00f6elda, et mis seal vahet on, kui palju inimesi osaleb... Niikuinii ei juhtu midagi... Kui 20 aastat tagasi 23.augustil oleks 2 miljonit inimest samamoodi m\u00f5elnud siis kes teab, kus me oleksime praegu... Kas idee, et seisame n\u00fc\u00fcd k\u00f5ik rivis ja hoiame k\u00e4test kinni ei tundu esialgu veidi eluv\u00f5\u00f5ras idee 50 aastat kestnud okupatsiooniga v\u00f5itlemiseks... V\u00f5i \u00f6ised laulupeod... Nende ideede k\u00f5rval tundub antud projekt pigem veidi liiga loogiline ja struktureeritud...<\/p>\n<p>Ma v\u00f5iksin palju kirjutada, aga ma usun, et osadel on praeguseks hetkeks huvi tekkinud ja juba palju rohkem infot leiate www.minueesti.ee kodulehelt...<\/p>\n<p>Need, kes ikkagi on veendunud, et nende minemine v\u00f5i mitteminemine ei muuda miskit... V\u00f5ibolla on teil \u00f5igus... Aga optimist minus tahab uskuda, et elu ja ilm v\u00f5iksid olla teistmoodi... Ma tahan uskuda, et on inimesi, kes hoolivad ka sellest, mis nende \u00fcmber toimub. Ja mulle ei meeldiks m\u00f5elda, et kogu minu elu ja heaolu s\u00f5ltub Tallinna vanalinna piirkonnas toimuvatest v\u00f5imum\u00e4ngudest...<\/p>\n<p>Kui te olete Tallinnas ja teile pakuks huvi m\u00f5ni j\u00e4rgnevatest k\u00fcsimustest (need on ainult n\u00e4idised), siis mina ootan teid Dzingelis... Samas soovitan teil otsida nii asukoha kui teemade poolest just endale k\u00f5ige sobivama m\u00f5ttekoja... <a href=\"http:\/\/www.minueesti.ee\/minueesti\/thinktank\/list\">Siin<\/a> on seda hea teha.<\/p>\n<p>Dzingel m\u00f5ttekoja teemad:<\/p>\n<ul>\n<li>Ettev\u00f5tlus ja t\u00f6\u00f6kohad<\/li>\n<li>Usk endasse, usaldus ja positiivsus<\/li>\n<li>Stressiga toimetulek<\/li>\n<\/ul>\n<p>N\u00e4idisk\u00fcsimused, mida v\u00f5iks arutada:<\/p>\n<ul>\n<li>kuidas soodustada ettev\u00f5tlust Eestis?<\/li>\n<li>kuidas saaks v\u00e4hendada t\u00f6\u00f6tute hulka?<\/li>\n<li>kuidas v\u00e4hendada soolist ebav\u00f5rdsust t\u00f6\u00f6turul?<\/li>\n<li>kuidas julgustada algajaid ettev\u00f5tjaid?<\/li>\n<li>kuidas v\u00f5idelda kevadv\u00e4simusega?<\/li>\n<li>kuidas paremini puhata ja l\u00f5\u00f5gastuda?<\/li>\n<li>kuidas muuta m\u00f5tlemist positiivsemaks?<\/li>\n<\/ul>\n<p>Samas v\u00f5ib iga\u00fcks v\u00e4lja tulla just selle k\u00fcsimusega, mis tema jaoks on k\u00f5ige olulisem...<\/p>\n<hr \/>\n<blockquote style=\"width: 90%;\"><p><img decoding=\"async\" src=\"https:\/\/toompark.com\/aarne\/wp-content\/pann\/anonyymne.jpg\" border=\"0\" alt=\"Anon\u00fc\u00fcmne k\u00fclalispostitaja\" hspace=\"5\" align=\"left\" \/>Tegemist on k\u00fclalispostitusega, mille on kirjutanud Diana Poudel \/ Hotell Dzingel, <a href=\"https:\/\/www.facebook.com\/pg\/dzingel\/about\/?ref=page_internal\">Majutus Tallinnas<\/a>.<br \/>\nTahad minu blogis oma teksti avaldada? Loe: <a title=\"K\u00fclalispostitused  minu blogis - tahad ka?\" href=\"https:\/\/toompark.com\/aarne\/kulalispostitused-minu-blogis\/\">K\u00fclalispostitused  minu blogis - tahad ka?<\/a><\/p><\/blockquote>\n<hr \/>\n","protected":false},"excerpt":{"rendered":"<p>Kindlasti olete k\u00f5ik kuulnud taolisest \u00fcritusest? Hetkel on k\u00f5ikjal b\u00e4nnerid vilkumas &#8211; reklaam voolab sisse ustest ja akendest&#8230; Aga kas sa oled juba otsustanud ka osa v\u00f5tta? Need, kes viimasele k\u00fcsimusele jaatavalt saavad vastata v\u00f5ivad \u00fclej\u00e4\u00e4nud teksti lugemata j\u00e4tta ja<span class=\"ellipsis\">&hellip;<\/span><\/p>\n<div class=\"read-more\"><a href=\"https:\/\/toompark.com\/aarne\/minu-eesti-mottetalgud-hotellis-dzingel\/\">Loe veel &#8250;<\/a><\/div>\n<p><!-- end of .read-more --><\/p>\n","protected":false},"author":1,"featured_media":6475,"comment_status":"open","ping_status":"open","sticky":false,"template":"","format":"standard","meta":{"_jetpack_memberships_contains_paid_content":false,"footnotes":"","jetpack_publicize_message":"","jetpack_publicize_feature_enabled":true,"jetpack_social_post_already_shared":false,"jetpack_social_options":{"image_generator_settings":{"template":"highway","default_image_id":0,"font":"","enabled":false},"version":2}},"categories":[1],"tags":[102,9,146,153,154],"class_list":["post-6486","post","type-post","status-publish","format-standard","has-post-thumbnail","hentry","category-aarne-bloog","tag-eesti","tag-elu","tag-kulalispostitus","tag-minu-eesti","tag-teeme-ara"],"yoast_head":"<!-- This site is optimized with the Yoast SEO plugin v27.4 - https:\/\/yoast.com\/product\/yoast-seo-wordpress\/ -->\n<title>K\u00fclalispostitus: Minu Eesti m\u00f5ttetalgud hotellis Dzingel - Aarne bloog<\/title>\n<meta name=\"robots\" content=\"index, follow, max-snippet:-1, max-image-preview:large, max-video-preview:-1\" \/>\n<link rel=\"canonical\" href=\"https:\/\/toompark.com\/aarne\/minu-eesti-mottetalgud-hotellis-dzingel\/\" \/>\n<meta property=\"og:locale\" content=\"et_EE\" \/>\n<meta property=\"og:type\" content=\"article\" \/>\n<meta property=\"og:title\" content=\"K\u00fclalispostitus: Minu Eesti m\u00f5ttetalgud hotellis Dzingel - Aarne bloog\" \/>\n<meta property=\"og:description\" content=\"Kindlasti olete k\u00f5ik kuulnud taolisest \u00fcritusest? Hetkel on k\u00f5ikjal b\u00e4nnerid vilkumas - reklaam voolab sisse ustest ja akendest... Aga kas sa oled juba otsustanud ka osa v\u00f5tta? Need, kes viimasele k\u00fcsimusele jaatavalt saavad vastata v\u00f5ivad \u00fclej\u00e4\u00e4nud teksti lugemata j\u00e4tta ja&hellip;Loe veel &#8250;\" \/>\n<meta property=\"og:url\" content=\"https:\/\/toompark.com\/aarne\/minu-eesti-mottetalgud-hotellis-dzingel\/\" \/>\n<meta property=\"og:site_name\" content=\"Aarne bloog\" \/>\n<meta property=\"article:publisher\" content=\"https:\/\/www.facebook.com\/aarne.toompark\" \/>\n<meta property=\"article:author\" content=\"https:\/\/www.facebook.com\/aarne.toompark\" \/>\n<meta property=\"article:published_time\" content=\"2009-04-29T08:42:35+00:00\" \/>\n<meta property=\"article:modified_time\" content=\"2023-01-11T11:02:02+00:00\" \/>\n<meta property=\"og:image\" content=\"https:\/\/toompark.com\/aarne\/wp-content\/uploads\/2009\/04\/teeme-ara-minu-eesti-2009.jpg\" \/>\n\t<meta property=\"og:image:width\" content=\"220\" \/>\n\t<meta property=\"og:image:height\" content=\"148\" \/>\n\t<meta property=\"og:image:type\" content=\"image\/jpeg\" \/>\n<meta name=\"author\" content=\"Aarne\" \/>\n<meta name=\"twitter:card\" content=\"summary_large_image\" \/>\n<meta name=\"twitter:creator\" content=\"@Aarne\" \/>\n<meta name=\"twitter:site\" content=\"@Aarne\" \/>\n<meta name=\"twitter:label1\" content=\"Written by\" \/>\n\t<meta name=\"twitter:data1\" content=\"Aarne\" \/>\n\t<meta name=\"twitter:label2\" content=\"Est. reading time\" \/>\n\t<meta name=\"twitter:data2\" content=\"4 minutit\" \/>\n<script type=\"application\/ld+json\" class=\"yoast-schema-graph\">{\"@context\":\"https:\\\/\\\/schema.org\",\"@graph\":[{\"@type\":\"Article\",\"@id\":\"https:\\\/\\\/toompark.com\\\/aarne\\\/minu-eesti-mottetalgud-hotellis-dzingel\\\/#article\",\"isPartOf\":{\"@id\":\"https:\\\/\\\/toompark.com\\\/aarne\\\/minu-eesti-mottetalgud-hotellis-dzingel\\\/\"},\"author\":{\"name\":\"Aarne\",\"@id\":\"https:\\\/\\\/toompark.com\\\/aarne\\\/#\\\/schema\\\/person\\\/cad6a11e0fa62991870721d353fe8b1b\"},\"headline\":\"K\u00fclalispostitus: Minu Eesti m\u00f5ttetalgud hotellis Dzingel\",\"datePublished\":\"2009-04-29T08:42:35+00:00\",\"dateModified\":\"2023-01-11T11:02:02+00:00\",\"mainEntityOfPage\":{\"@id\":\"https:\\\/\\\/toompark.com\\\/aarne\\\/minu-eesti-mottetalgud-hotellis-dzingel\\\/\"},\"wordCount\":874,\"commentCount\":0,\"publisher\":{\"@id\":\"https:\\\/\\\/toompark.com\\\/aarne\\\/#\\\/schema\\\/person\\\/cad6a11e0fa62991870721d353fe8b1b\"},\"image\":{\"@id\":\"https:\\\/\\\/toompark.com\\\/aarne\\\/minu-eesti-mottetalgud-hotellis-dzingel\\\/#primaryimage\"},\"thumbnailUrl\":\"https:\\\/\\\/toompark.com\\\/aarne\\\/wp-content\\\/uploads\\\/2009\\\/04\\\/teeme-ara-minu-eesti-2009.jpg\",\"keywords\":[\"Eesti\",\"Elu\",\"K\u00fclalispostitus\",\"Minu Eesti\",\"Teeme \u00e4ra\"],\"articleSection\":[\"Aarne bloog\"],\"inLanguage\":\"et\",\"potentialAction\":[{\"@type\":\"CommentAction\",\"name\":\"Comment\",\"target\":[\"https:\\\/\\\/toompark.com\\\/aarne\\\/minu-eesti-mottetalgud-hotellis-dzingel\\\/#respond\"]}]},{\"@type\":\"WebPage\",\"@id\":\"https:\\\/\\\/toompark.com\\\/aarne\\\/minu-eesti-mottetalgud-hotellis-dzingel\\\/\",\"url\":\"https:\\\/\\\/toompark.com\\\/aarne\\\/minu-eesti-mottetalgud-hotellis-dzingel\\\/\",\"name\":\"K\u00fclalispostitus: Minu Eesti m\u00f5ttetalgud hotellis Dzingel - Aarne bloog\",\"isPartOf\":{\"@id\":\"https:\\\/\\\/toompark.com\\\/aarne\\\/#website\"},\"primaryImageOfPage\":{\"@id\":\"https:\\\/\\\/toompark.com\\\/aarne\\\/minu-eesti-mottetalgud-hotellis-dzingel\\\/#primaryimage\"},\"image\":{\"@id\":\"https:\\\/\\\/toompark.com\\\/aarne\\\/minu-eesti-mottetalgud-hotellis-dzingel\\\/#primaryimage\"},\"thumbnailUrl\":\"https:\\\/\\\/toompark.com\\\/aarne\\\/wp-content\\\/uploads\\\/2009\\\/04\\\/teeme-ara-minu-eesti-2009.jpg\",\"datePublished\":\"2009-04-29T08:42:35+00:00\",\"dateModified\":\"2023-01-11T11:02:02+00:00\",\"breadcrumb\":{\"@id\":\"https:\\\/\\\/toompark.com\\\/aarne\\\/minu-eesti-mottetalgud-hotellis-dzingel\\\/#breadcrumb\"},\"inLanguage\":\"et\",\"potentialAction\":[{\"@type\":\"ReadAction\",\"target\":[\"https:\\\/\\\/toompark.com\\\/aarne\\\/minu-eesti-mottetalgud-hotellis-dzingel\\\/\"]}]},{\"@type\":\"ImageObject\",\"inLanguage\":\"et\",\"@id\":\"https:\\\/\\\/toompark.com\\\/aarne\\\/minu-eesti-mottetalgud-hotellis-dzingel\\\/#primaryimage\",\"url\":\"https:\\\/\\\/toompark.com\\\/aarne\\\/wp-content\\\/uploads\\\/2009\\\/04\\\/teeme-ara-minu-eesti-2009.jpg\",\"contentUrl\":\"https:\\\/\\\/toompark.com\\\/aarne\\\/wp-content\\\/uploads\\\/2009\\\/04\\\/teeme-ara-minu-eesti-2009.jpg\",\"width\":220,\"height\":148,\"caption\":\"Teeme \u00e4ra - Minu Eesti 2009\"},{\"@type\":\"BreadcrumbList\",\"@id\":\"https:\\\/\\\/toompark.com\\\/aarne\\\/minu-eesti-mottetalgud-hotellis-dzingel\\\/#breadcrumb\",\"itemListElement\":[{\"@type\":\"ListItem\",\"position\":1,\"name\":\"Home\",\"item\":\"https:\\\/\\\/toompark.com\\\/aarne\\\/\"},{\"@type\":\"ListItem\",\"position\":2,\"name\":\"Aarne bloog\",\"item\":\"https:\\\/\\\/toompark.com\\\/aarne\\\/kategooria\\\/aarne-bloog\\\/\"},{\"@type\":\"ListItem\",\"position\":3,\"name\":\"K\u00fclalispostitus: Minu Eesti m\u00f5ttetalgud hotellis Dzingel\"}]},{\"@type\":\"WebSite\",\"@id\":\"https:\\\/\\\/toompark.com\\\/aarne\\\/#website\",\"url\":\"https:\\\/\\\/toompark.com\\\/aarne\\\/\",\"name\":\"Aarne bloog\",\"description\":\"Aarne elu ja tegemised - elu ise\",\"publisher\":{\"@id\":\"https:\\\/\\\/toompark.com\\\/aarne\\\/#\\\/schema\\\/person\\\/cad6a11e0fa62991870721d353fe8b1b\"},\"potentialAction\":[{\"@type\":\"SearchAction\",\"target\":{\"@type\":\"EntryPoint\",\"urlTemplate\":\"https:\\\/\\\/toompark.com\\\/aarne\\\/?s={search_term_string}\"},\"query-input\":{\"@type\":\"PropertyValueSpecification\",\"valueRequired\":true,\"valueName\":\"search_term_string\"}}],\"inLanguage\":\"et\"},{\"@type\":[\"Person\",\"Organization\"],\"@id\":\"https:\\\/\\\/toompark.com\\\/aarne\\\/#\\\/schema\\\/person\\\/cad6a11e0fa62991870721d353fe8b1b\",\"name\":\"Aarne\",\"image\":{\"@type\":\"ImageObject\",\"inLanguage\":\"et\",\"@id\":\"https:\\\/\\\/toompark.com\\\/aarne\\\/wp-content\\\/uploads\\\/2016\\\/11\\\/aarne-toompark.jpg\",\"url\":\"https:\\\/\\\/toompark.com\\\/aarne\\\/wp-content\\\/uploads\\\/2016\\\/11\\\/aarne-toompark.jpg\",\"contentUrl\":\"https:\\\/\\\/toompark.com\\\/aarne\\\/wp-content\\\/uploads\\\/2016\\\/11\\\/aarne-toompark.jpg\",\"width\":500,\"height\":500,\"caption\":\"Aarne\"},\"logo\":{\"@id\":\"https:\\\/\\\/toompark.com\\\/aarne\\\/wp-content\\\/uploads\\\/2016\\\/11\\\/aarne-toompark.jpg\"},\"sameAs\":[\"https:\\\/\\\/toompark.com\\\/aarne\\\/\",\"https:\\\/\\\/www.facebook.com\\\/aarne.toompark\",\"https:\\\/\\\/www.instagram.com\\\/aarnet\\\/\",\"https:\\\/\\\/www.linkedin.com\\\/in\\\/aarnetoompark\\\/\",\"https:\\\/\\\/x.com\\\/Aarne\"],\"url\":\"https:\\\/\\\/toompark.com\\\/aarne\\\/author\\\/aarne\\\/\"}]}<\/script>\n<!-- \/ Yoast SEO plugin. -->","yoast_head_json":{"title":"K\u00fclalispostitus: Minu Eesti m\u00f5ttetalgud hotellis Dzingel - Aarne bloog","robots":{"index":"index","follow":"follow","max-snippet":"max-snippet:-1","max-image-preview":"max-image-preview:large","max-video-preview":"max-video-preview:-1"},"canonical":"https:\/\/toompark.com\/aarne\/minu-eesti-mottetalgud-hotellis-dzingel\/","og_locale":"et_EE","og_type":"article","og_title":"K\u00fclalispostitus: Minu Eesti m\u00f5ttetalgud hotellis Dzingel - Aarne bloog","og_description":"Kindlasti olete k\u00f5ik kuulnud taolisest \u00fcritusest? Hetkel on k\u00f5ikjal b\u00e4nnerid vilkumas - reklaam voolab sisse ustest ja akendest... Aga kas sa oled juba otsustanud ka osa v\u00f5tta? Need, kes viimasele k\u00fcsimusele jaatavalt saavad vastata v\u00f5ivad \u00fclej\u00e4\u00e4nud teksti lugemata j\u00e4tta ja&hellip;Loe veel &#8250;","og_url":"https:\/\/toompark.com\/aarne\/minu-eesti-mottetalgud-hotellis-dzingel\/","og_site_name":"Aarne bloog","article_publisher":"https:\/\/www.facebook.com\/aarne.toompark","article_author":"https:\/\/www.facebook.com\/aarne.toompark","article_published_time":"2009-04-29T08:42:35+00:00","article_modified_time":"2023-01-11T11:02:02+00:00","og_image":[{"width":220,"height":148,"url":"https:\/\/toompark.com\/aarne\/wp-content\/uploads\/2009\/04\/teeme-ara-minu-eesti-2009.jpg","type":"image\/jpeg"}],"author":"Aarne","twitter_card":"summary_large_image","twitter_creator":"@Aarne","twitter_site":"@Aarne","twitter_misc":{"Written by":"Aarne","Est. reading time":"4 minutit"},"schema":{"@context":"https:\/\/schema.org","@graph":[{"@type":"Article","@id":"https:\/\/toompark.com\/aarne\/minu-eesti-mottetalgud-hotellis-dzingel\/#article","isPartOf":{"@id":"https:\/\/toompark.com\/aarne\/minu-eesti-mottetalgud-hotellis-dzingel\/"},"author":{"name":"Aarne","@id":"https:\/\/toompark.com\/aarne\/#\/schema\/person\/cad6a11e0fa62991870721d353fe8b1b"},"headline":"K\u00fclalispostitus: Minu Eesti m\u00f5ttetalgud hotellis Dzingel","datePublished":"2009-04-29T08:42:35+00:00","dateModified":"2023-01-11T11:02:02+00:00","mainEntityOfPage":{"@id":"https:\/\/toompark.com\/aarne\/minu-eesti-mottetalgud-hotellis-dzingel\/"},"wordCount":874,"commentCount":0,"publisher":{"@id":"https:\/\/toompark.com\/aarne\/#\/schema\/person\/cad6a11e0fa62991870721d353fe8b1b"},"image":{"@id":"https:\/\/toompark.com\/aarne\/minu-eesti-mottetalgud-hotellis-dzingel\/#primaryimage"},"thumbnailUrl":"https:\/\/toompark.com\/aarne\/wp-content\/uploads\/2009\/04\/teeme-ara-minu-eesti-2009.jpg","keywords":["Eesti","Elu","K\u00fclalispostitus","Minu Eesti","Teeme \u00e4ra"],"articleSection":["Aarne bloog"],"inLanguage":"et","potentialAction":[{"@type":"CommentAction","name":"Comment","target":["https:\/\/toompark.com\/aarne\/minu-eesti-mottetalgud-hotellis-dzingel\/#respond"]}]},{"@type":"WebPage","@id":"https:\/\/toompark.com\/aarne\/minu-eesti-mottetalgud-hotellis-dzingel\/","url":"https:\/\/toompark.com\/aarne\/minu-eesti-mottetalgud-hotellis-dzingel\/","name":"K\u00fclalispostitus: Minu Eesti m\u00f5ttetalgud hotellis Dzingel - Aarne bloog","isPartOf":{"@id":"https:\/\/toompark.com\/aarne\/#website"},"primaryImageOfPage":{"@id":"https:\/\/toompark.com\/aarne\/minu-eesti-mottetalgud-hotellis-dzingel\/#primaryimage"},"image":{"@id":"https:\/\/toompark.com\/aarne\/minu-eesti-mottetalgud-hotellis-dzingel\/#primaryimage"},"thumbnailUrl":"https:\/\/toompark.com\/aarne\/wp-content\/uploads\/2009\/04\/teeme-ara-minu-eesti-2009.jpg","datePublished":"2009-04-29T08:42:35+00:00","dateModified":"2023-01-11T11:02:02+00:00","breadcrumb":{"@id":"https:\/\/toompark.com\/aarne\/minu-eesti-mottetalgud-hotellis-dzingel\/#breadcrumb"},"inLanguage":"et","potentialAction":[{"@type":"ReadAction","target":["https:\/\/toompark.com\/aarne\/minu-eesti-mottetalgud-hotellis-dzingel\/"]}]},{"@type":"ImageObject","inLanguage":"et","@id":"https:\/\/toompark.com\/aarne\/minu-eesti-mottetalgud-hotellis-dzingel\/#primaryimage","url":"https:\/\/toompark.com\/aarne\/wp-content\/uploads\/2009\/04\/teeme-ara-minu-eesti-2009.jpg","contentUrl":"https:\/\/toompark.com\/aarne\/wp-content\/uploads\/2009\/04\/teeme-ara-minu-eesti-2009.jpg","width":220,"height":148,"caption":"Teeme \u00e4ra - Minu Eesti 2009"},{"@type":"BreadcrumbList","@id":"https:\/\/toompark.com\/aarne\/minu-eesti-mottetalgud-hotellis-dzingel\/#breadcrumb","itemListElement":[{"@type":"ListItem","position":1,"name":"Home","item":"https:\/\/toompark.com\/aarne\/"},{"@type":"ListItem","position":2,"name":"Aarne bloog","item":"https:\/\/toompark.com\/aarne\/kategooria\/aarne-bloog\/"},{"@type":"ListItem","position":3,"name":"K\u00fclalispostitus: Minu Eesti m\u00f5ttetalgud hotellis Dzingel"}]},{"@type":"WebSite","@id":"https:\/\/toompark.com\/aarne\/#website","url":"https:\/\/toompark.com\/aarne\/","name":"Aarne bloog","description":"Aarne elu ja tegemised - elu ise","publisher":{"@id":"https:\/\/toompark.com\/aarne\/#\/schema\/person\/cad6a11e0fa62991870721d353fe8b1b"},"potentialAction":[{"@type":"SearchAction","target":{"@type":"EntryPoint","urlTemplate":"https:\/\/toompark.com\/aarne\/?s={search_term_string}"},"query-input":{"@type":"PropertyValueSpecification","valueRequired":true,"valueName":"search_term_string"}}],"inLanguage":"et"},{"@type":["Person","Organization"],"@id":"https:\/\/toompark.com\/aarne\/#\/schema\/person\/cad6a11e0fa62991870721d353fe8b1b","name":"Aarne","image":{"@type":"ImageObject","inLanguage":"et","@id":"https:\/\/toompark.com\/aarne\/wp-content\/uploads\/2016\/11\/aarne-toompark.jpg","url":"https:\/\/toompark.com\/aarne\/wp-content\/uploads\/2016\/11\/aarne-toompark.jpg","contentUrl":"https:\/\/toompark.com\/aarne\/wp-content\/uploads\/2016\/11\/aarne-toompark.jpg","width":500,"height":500,"caption":"Aarne"},"logo":{"@id":"https:\/\/toompark.com\/aarne\/wp-content\/uploads\/2016\/11\/aarne-toompark.jpg"},"sameAs":["https:\/\/toompark.com\/aarne\/","https:\/\/www.facebook.com\/aarne.toompark","https:\/\/www.instagram.com\/aarnet\/","https:\/\/www.linkedin.com\/in\/aarnetoompark\/","https:\/\/x.com\/Aarne"],"url":"https:\/\/toompark.com\/aarne\/author\/aarne\/"}]}},"jetpack_publicize_connections":[],"jetpack_featured_media_url":"https:\/\/toompark.com\/aarne\/wp-content\/uploads\/2009\/04\/teeme-ara-minu-eesti-2009.jpg","jetpack_sharing_enabled":true,"jetpack_shortlink":"https:\/\/wp.me\/p4ti3-1GC","_links":{"self":[{"href":"https:\/\/toompark.com\/aarne\/wp-json\/wp\/v2\/posts\/6486","targetHints":{"allow":["GET"]}}],"collection":[{"href":"https:\/\/toompark.com\/aarne\/wp-json\/wp\/v2\/posts"}],"about":[{"href":"https:\/\/toompark.com\/aarne\/wp-json\/wp\/v2\/types\/post"}],"author":[{"embeddable":true,"href":"https:\/\/toompark.com\/aarne\/wp-json\/wp\/v2\/users\/1"}],"replies":[{"embeddable":true,"href":"https:\/\/toompark.com\/aarne\/wp-json\/wp\/v2\/comments?post=6486"}],"version-history":[{"count":0,"href":"https:\/\/toompark.com\/aarne\/wp-json\/wp\/v2\/posts\/6486\/revisions"}],"wp:featuredmedia":[{"embeddable":true,"href":"https:\/\/toompark.com\/aarne\/wp-json\/wp\/v2\/media\/6475"}],"wp:attachment":[{"href":"https:\/\/toompark.com\/aarne\/wp-json\/wp\/v2\/media?parent=6486"}],"wp:term":[{"taxonomy":"category","embeddable":true,"href":"https:\/\/toompark.com\/aarne\/wp-json\/wp\/v2\/categories?post=6486"},{"taxonomy":"post_tag","embeddable":true,"href":"https:\/\/toompark.com\/aarne\/wp-json\/wp\/v2\/tags?post=6486"}],"curies":[{"name":"wp","href":"https:\/\/api.w.org\/{rel}","templated":true}]}}