{"id":6497,"date":"2009-05-01T07:23:32","date_gmt":"2009-05-01T04:23:32","guid":{"rendered":"https:\/\/toompark.com\/aarne\/?p=6497"},"modified":"2023-02-27T06:55:32","modified_gmt":"2023-02-27T04:55:32","slug":"minutwitter-labi-minu-eesti-ees","status":"publish","type":"post","link":"https:\/\/toompark.com\/aarne\/minutwitter-labi-minu-eesti-ees\/","title":{"rendered":"#minutwitter l\u00e4bi, Minu Eesti ees"},"content":{"rendered":"<p><img loading=\"lazy\" decoding=\"async\" class=\"size-full wp-image-6498\" title=\"Laevad\" src=\"https:\/\/toompark.com\/aarne\/wp-content\/uploads\/2009\/05\/laevad.jpg\" alt=\"Laevad\" hspace=\"5\" width=\"250\" height=\"305\" align=\"right\" srcset=\"https:\/\/toompark.com\/aarne\/wp-content\/uploads\/2009\/05\/laevad.jpg 250w, https:\/\/toompark.com\/aarne\/wp-content\/uploads\/2009\/05\/laevad-246x300.jpg 246w, https:\/\/toompark.com\/aarne\/wp-content\/uploads\/2009\/05\/laevad-100x122.jpg 100w, https:\/\/toompark.com\/aarne\/wp-content\/uploads\/2009\/05\/laevad-150x183.jpg 150w, https:\/\/toompark.com\/aarne\/wp-content\/uploads\/2009\/05\/laevad-200x244.jpg 200w\" sizes=\"auto, (max-width: 250px) 100vw, 250px\" \/>Kiire hommikune kokkuv\u00f5te <a href=\"https:\/\/www.icloud.com\/\">#minutwitter<\/a> aktsioonis mulle enim meeldinud tweetidest (\u201cs\u00e4uts\u201d pole piisavalt mehine s\u00f5na, et ma seda siinkohal kasutada saaksin) juhuslikus j\u00e4rjekorras:<\/p>\n<p><a href=\"https:\/\/mobile.twitter.com\/martkase\">@martkase<\/a>: Hakata minutwitter vestlusringi korraldama kord kuus 2 tundi #minutwitter<\/p>\n<p>See on hea idee, mille rakendamise kulud on praktiliselt 0. Mulle sobiks paremini, kui koosolekud toimuksid enne s\u00fcda\u00f6\u00f6d. Kas see muudab kuidagi maailma? Arvan, et muudab. Kui inimestel on h\u00e4id ideid siis on nad paremad \u00fchiskonna liikmed kui need, kes niisama tuima n\u00e4oga telekat vahivad.<\/p>\n<p>@foobia: Kahe k\u00e4ega poolt SMS laenude keelustamisel, \u00fcle\u00fcldse k\u00f5iksugu kiirlaenud. #minutwitter<\/p>\n<p>Mina olen selle idee vastane. K\u00f5ik peab olema lubatud. Vaval maal peab mul olema v\u00f5imalus teha tegusid isegi siis, kui need on mulle kahjulikud. Kui liiga tegijaks muutun, siis j\u00e4rgnegu sellele loomulikult sanktsioonid.<\/p>\n<p><a href=\"https:\/\/mobile.twitter.com\/SiimLepisk\">@SiimLepisk<\/a>: #minutwitter IT-riigihangetes peaks alati olema s\u00e4testatud miinimum- ja maksimumhinnad. Ja maksumuse kriteerium alati &lt;50%.<\/p>\n<p>Olen osalenud paljudel riigihangete pakkumistel (mitte IT alastel) ja pahatihti on ainsaks hindamise kriteeriumiks hind. Ma v\u00f5iksin pakkuda uue Tallinn-Tartu magistraali asemel jalgrada P\u00e4rnust Paide ja saaksin riigihanke v\u00f5ita sest minu pakutud hind oli madalaim. Seda, et ma pakkusin tehniliselt parima lahenduse, tihtipeale ei hinnata. V\u00f5ib-olla annaks selle probleemi lahendada mingi muudatusega riigihangete seaduses\u2026<\/p>\n<p><a href=\"https:\/\/mobile.twitter.com\/jkaljundi\">@jkaljundi<\/a>: O\u00dc miinimum osakapitaliks 1 kroon #minutwitter<\/p>\n<p>Siia polegi midagi lisada sest see on oma lihtsuses nii hea.<\/p>\n<p><a href=\"https:\/\/mobile.twitter.com\/Eemeez\">@Eemeez<\/a>: Kuidas tagada, et #minutwitter ideed kuhugi ka j\u00f5uaksid ?<\/p>\n<p>T\u00e4na peaks olema hea p\u00e4ev selleks, et oma ideed m\u00f5nes m\u00f5ttekojas avalikustada. Kindlasti on kusagil t\u00e4pselt selle idee teemaline koda, kus on inimesed, kes on n\u00f5us idee \u00e4ra kuulama, sellel teemal arutlema ja selle \u201ckuhu vaja\u201d kirja panema. Osalusdemokraatia raames saab oma idee kirja panna lehel osale.ee<\/p>\n<p style=\"text-align: center;\">* * *<\/p>\n<p>L\u00f5petuseks \u00fcks m\u00f5te, mis mul endal p\u00e4he torkas: Teeme \u00e4ra 2010 tuleb teha nii, et oleks olemas nii see osa, kus inimene reaalselt oma k\u00e4tega midagi teeb (\"teeme k\u00e4ed mustaks\" osa) ja sellele j\u00e4rgneks m\u00f5ttetalg \u201cv\u00e4rskelt kokku korjatud hunniku\u201d (m\u00f5tlemise osa) k\u00f5rval.<\/p>\n<p>Ja k\u00f5ige l\u00f5petuseks 2 m\u00f5tet:<\/p>\n<p><a href=\"https:\/\/mobile.twitter.com\/veiko\">@veiko<\/a>: Kell 02:00. #minutwitter sai l\u00e4bi. 120 min. jooksul 282 s\u00e4utsu. 2,35 s\u00e4utsu minutis. Kokkuv\u00f5tted l\u00e4hin\u00e4dalal <a href=\"https:\/\/www.icloud.com\/\">http:\/\/tinyurl.com\/minutwitter<\/a><\/p>\n<p><a href=\"https:\/\/mobile.twitter.com\/martkase\">@martkase<\/a>: mida te arvate, milliseid t\u00e4nastest ideedest saaksite te aidata reaalsuseks muuta? #minutwitter<\/p>\n<p>Au ja kuulsus k\u00f5igile, kes v\u00f5tsid vaevaks \u00f6\u00f6sel Eesti asja ajada!<\/p>\n","protected":false},"excerpt":{"rendered":"<p>Kiire hommikune kokkuv\u00f5te #minutwitter aktsioonis mulle enim meeldinud tweetidest (\u201cs\u00e4uts\u201d pole piisavalt mehine s\u00f5na, et ma seda siinkohal kasutada saaksin) juhuslikus j\u00e4rjekorras: @martkase: Hakata minutwitter vestlusringi korraldama kord kuus 2 tundi #minutwitter See on hea idee, mille rakendamise kulud on<span class=\"ellipsis\">&hellip;<\/span><\/p>\n<div class=\"read-more\"><a href=\"https:\/\/toompark.com\/aarne\/minutwitter-labi-minu-eesti-ees\/\">Loe veel &#8250;<\/a><\/div>\n<p><!-- end of .read-more --><\/p>\n","protected":false},"author":1,"featured_media":6498,"comment_status":"open","ping_status":"open","sticky":false,"template":"","format":"standard","meta":{"_jetpack_memberships_contains_paid_content":false,"footnotes":"","jetpack_publicize_message":"","jetpack_publicize_feature_enabled":true,"jetpack_social_post_already_shared":false,"jetpack_social_options":{"image_generator_settings":{"template":"highway","default_image_id":0,"font":"","enabled":false},"version":2}},"categories":[1],"tags":[9,8,153,154,147],"class_list":["post-6497","post","type-post","status-publish","format-standard","has-post-thumbnail","hentry","category-aarne-bloog","tag-elu","tag-isetehtud-asjad","tag-minu-eesti","tag-teeme-ara","tag-twitter"],"yoast_head":"<!-- This site is optimized with the Yoast SEO plugin v27.4 - https:\/\/yoast.com\/product\/yoast-seo-wordpress\/ -->\n<title>#minutwitter l\u00e4bi, Minu Eesti ees - Aarne bloog<\/title>\n<meta name=\"robots\" content=\"index, follow, max-snippet:-1, max-image-preview:large, max-video-preview:-1\" \/>\n<link rel=\"canonical\" href=\"https:\/\/toompark.com\/aarne\/minutwitter-labi-minu-eesti-ees\/\" \/>\n<meta property=\"og:locale\" content=\"et_EE\" \/>\n<meta property=\"og:type\" content=\"article\" \/>\n<meta property=\"og:title\" content=\"#minutwitter l\u00e4bi, Minu Eesti ees - Aarne bloog\" \/>\n<meta property=\"og:description\" content=\"Kiire hommikune kokkuv\u00f5te #minutwitter aktsioonis mulle enim meeldinud tweetidest (\u201cs\u00e4uts\u201d pole piisavalt mehine s\u00f5na, et ma seda siinkohal kasutada saaksin) juhuslikus j\u00e4rjekorras: @martkase: Hakata minutwitter vestlusringi korraldama kord kuus 2 tundi #minutwitter See on hea idee, mille rakendamise kulud on&hellip;Loe veel &#8250;\" \/>\n<meta property=\"og:url\" content=\"https:\/\/toompark.com\/aarne\/minutwitter-labi-minu-eesti-ees\/\" \/>\n<meta property=\"og:site_name\" content=\"Aarne bloog\" \/>\n<meta property=\"article:publisher\" content=\"https:\/\/www.facebook.com\/aarne.toompark\" \/>\n<meta property=\"article:author\" content=\"https:\/\/www.facebook.com\/aarne.toompark\" \/>\n<meta property=\"article:published_time\" content=\"2009-05-01T04:23:32+00:00\" \/>\n<meta property=\"article:modified_time\" content=\"2023-02-27T04:55:32+00:00\" \/>\n<meta property=\"og:image\" content=\"https:\/\/toompark.com\/aarne\/wp-content\/uploads\/2009\/05\/laevad.jpg\" \/>\n\t<meta property=\"og:image:width\" content=\"250\" \/>\n\t<meta property=\"og:image:height\" content=\"305\" \/>\n\t<meta property=\"og:image:type\" content=\"image\/jpeg\" \/>\n<meta name=\"author\" content=\"Aarne\" \/>\n<meta name=\"twitter:card\" content=\"summary_large_image\" \/>\n<meta name=\"twitter:creator\" content=\"@Aarne\" \/>\n<meta name=\"twitter:site\" content=\"@Aarne\" \/>\n<meta name=\"twitter:label1\" content=\"Written by\" \/>\n\t<meta name=\"twitter:data1\" content=\"Aarne\" \/>\n\t<meta name=\"twitter:label2\" content=\"Est. reading time\" \/>\n\t<meta name=\"twitter:data2\" content=\"2 minutit\" \/>\n<script type=\"application\/ld+json\" class=\"yoast-schema-graph\">{\"@context\":\"https:\\\/\\\/schema.org\",\"@graph\":[{\"@type\":\"Article\",\"@id\":\"https:\\\/\\\/toompark.com\\\/aarne\\\/minutwitter-labi-minu-eesti-ees\\\/#article\",\"isPartOf\":{\"@id\":\"https:\\\/\\\/toompark.com\\\/aarne\\\/minutwitter-labi-minu-eesti-ees\\\/\"},\"author\":{\"name\":\"Aarne\",\"@id\":\"https:\\\/\\\/toompark.com\\\/aarne\\\/#\\\/schema\\\/person\\\/cad6a11e0fa62991870721d353fe8b1b\"},\"headline\":\"#minutwitter l\u00e4bi, Minu Eesti ees\",\"datePublished\":\"2009-05-01T04:23:32+00:00\",\"dateModified\":\"2023-02-27T04:55:32+00:00\",\"mainEntityOfPage\":{\"@id\":\"https:\\\/\\\/toompark.com\\\/aarne\\\/minutwitter-labi-minu-eesti-ees\\\/\"},\"wordCount\":401,\"commentCount\":1,\"publisher\":{\"@id\":\"https:\\\/\\\/toompark.com\\\/aarne\\\/#\\\/schema\\\/person\\\/cad6a11e0fa62991870721d353fe8b1b\"},\"image\":{\"@id\":\"https:\\\/\\\/toompark.com\\\/aarne\\\/minutwitter-labi-minu-eesti-ees\\\/#primaryimage\"},\"thumbnailUrl\":\"https:\\\/\\\/toompark.com\\\/aarne\\\/wp-content\\\/uploads\\\/2009\\\/05\\\/laevad.jpg\",\"keywords\":[\"Elu\",\"Isetehtud asjad\",\"Minu Eesti\",\"Teeme \u00e4ra\",\"Twitter\"],\"articleSection\":[\"Aarne bloog\"],\"inLanguage\":\"et\",\"potentialAction\":[{\"@type\":\"CommentAction\",\"name\":\"Comment\",\"target\":[\"https:\\\/\\\/toompark.com\\\/aarne\\\/minutwitter-labi-minu-eesti-ees\\\/#respond\"]}]},{\"@type\":\"WebPage\",\"@id\":\"https:\\\/\\\/toompark.com\\\/aarne\\\/minutwitter-labi-minu-eesti-ees\\\/\",\"url\":\"https:\\\/\\\/toompark.com\\\/aarne\\\/minutwitter-labi-minu-eesti-ees\\\/\",\"name\":\"#minutwitter l\u00e4bi, Minu Eesti ees - Aarne bloog\",\"isPartOf\":{\"@id\":\"https:\\\/\\\/toompark.com\\\/aarne\\\/#website\"},\"primaryImageOfPage\":{\"@id\":\"https:\\\/\\\/toompark.com\\\/aarne\\\/minutwitter-labi-minu-eesti-ees\\\/#primaryimage\"},\"image\":{\"@id\":\"https:\\\/\\\/toompark.com\\\/aarne\\\/minutwitter-labi-minu-eesti-ees\\\/#primaryimage\"},\"thumbnailUrl\":\"https:\\\/\\\/toompark.com\\\/aarne\\\/wp-content\\\/uploads\\\/2009\\\/05\\\/laevad.jpg\",\"datePublished\":\"2009-05-01T04:23:32+00:00\",\"dateModified\":\"2023-02-27T04:55:32+00:00\",\"breadcrumb\":{\"@id\":\"https:\\\/\\\/toompark.com\\\/aarne\\\/minutwitter-labi-minu-eesti-ees\\\/#breadcrumb\"},\"inLanguage\":\"et\",\"potentialAction\":[{\"@type\":\"ReadAction\",\"target\":[\"https:\\\/\\\/toompark.com\\\/aarne\\\/minutwitter-labi-minu-eesti-ees\\\/\"]}]},{\"@type\":\"ImageObject\",\"inLanguage\":\"et\",\"@id\":\"https:\\\/\\\/toompark.com\\\/aarne\\\/minutwitter-labi-minu-eesti-ees\\\/#primaryimage\",\"url\":\"https:\\\/\\\/toompark.com\\\/aarne\\\/wp-content\\\/uploads\\\/2009\\\/05\\\/laevad.jpg\",\"contentUrl\":\"https:\\\/\\\/toompark.com\\\/aarne\\\/wp-content\\\/uploads\\\/2009\\\/05\\\/laevad.jpg\",\"width\":250,\"height\":305,\"caption\":\"Laevad\"},{\"@type\":\"BreadcrumbList\",\"@id\":\"https:\\\/\\\/toompark.com\\\/aarne\\\/minutwitter-labi-minu-eesti-ees\\\/#breadcrumb\",\"itemListElement\":[{\"@type\":\"ListItem\",\"position\":1,\"name\":\"Home\",\"item\":\"https:\\\/\\\/toompark.com\\\/aarne\\\/\"},{\"@type\":\"ListItem\",\"position\":2,\"name\":\"Aarne bloog\",\"item\":\"https:\\\/\\\/toompark.com\\\/aarne\\\/kategooria\\\/aarne-bloog\\\/\"},{\"@type\":\"ListItem\",\"position\":3,\"name\":\"#minutwitter l\u00e4bi, Minu Eesti ees\"}]},{\"@type\":\"WebSite\",\"@id\":\"https:\\\/\\\/toompark.com\\\/aarne\\\/#website\",\"url\":\"https:\\\/\\\/toompark.com\\\/aarne\\\/\",\"name\":\"Aarne bloog\",\"description\":\"Aarne elu ja tegemised - elu ise\",\"publisher\":{\"@id\":\"https:\\\/\\\/toompark.com\\\/aarne\\\/#\\\/schema\\\/person\\\/cad6a11e0fa62991870721d353fe8b1b\"},\"potentialAction\":[{\"@type\":\"SearchAction\",\"target\":{\"@type\":\"EntryPoint\",\"urlTemplate\":\"https:\\\/\\\/toompark.com\\\/aarne\\\/?s={search_term_string}\"},\"query-input\":{\"@type\":\"PropertyValueSpecification\",\"valueRequired\":true,\"valueName\":\"search_term_string\"}}],\"inLanguage\":\"et\"},{\"@type\":[\"Person\",\"Organization\"],\"@id\":\"https:\\\/\\\/toompark.com\\\/aarne\\\/#\\\/schema\\\/person\\\/cad6a11e0fa62991870721d353fe8b1b\",\"name\":\"Aarne\",\"image\":{\"@type\":\"ImageObject\",\"inLanguage\":\"et\",\"@id\":\"https:\\\/\\\/toompark.com\\\/aarne\\\/wp-content\\\/uploads\\\/2016\\\/11\\\/aarne-toompark.jpg\",\"url\":\"https:\\\/\\\/toompark.com\\\/aarne\\\/wp-content\\\/uploads\\\/2016\\\/11\\\/aarne-toompark.jpg\",\"contentUrl\":\"https:\\\/\\\/toompark.com\\\/aarne\\\/wp-content\\\/uploads\\\/2016\\\/11\\\/aarne-toompark.jpg\",\"width\":500,\"height\":500,\"caption\":\"Aarne\"},\"logo\":{\"@id\":\"https:\\\/\\\/toompark.com\\\/aarne\\\/wp-content\\\/uploads\\\/2016\\\/11\\\/aarne-toompark.jpg\"},\"sameAs\":[\"https:\\\/\\\/toompark.com\\\/aarne\\\/\",\"https:\\\/\\\/www.facebook.com\\\/aarne.toompark\",\"https:\\\/\\\/www.instagram.com\\\/aarnet\\\/\",\"https:\\\/\\\/www.linkedin.com\\\/in\\\/aarnetoompark\\\/\",\"https:\\\/\\\/x.com\\\/Aarne\"],\"url\":\"https:\\\/\\\/toompark.com\\\/aarne\\\/author\\\/aarne\\\/\"}]}<\/script>\n<!-- \/ Yoast SEO plugin. -->","yoast_head_json":{"title":"#minutwitter l\u00e4bi, Minu Eesti ees - Aarne bloog","robots":{"index":"index","follow":"follow","max-snippet":"max-snippet:-1","max-image-preview":"max-image-preview:large","max-video-preview":"max-video-preview:-1"},"canonical":"https:\/\/toompark.com\/aarne\/minutwitter-labi-minu-eesti-ees\/","og_locale":"et_EE","og_type":"article","og_title":"#minutwitter l\u00e4bi, Minu Eesti ees - Aarne bloog","og_description":"Kiire hommikune kokkuv\u00f5te #minutwitter aktsioonis mulle enim meeldinud tweetidest (\u201cs\u00e4uts\u201d pole piisavalt mehine s\u00f5na, et ma seda siinkohal kasutada saaksin) juhuslikus j\u00e4rjekorras: @martkase: Hakata minutwitter vestlusringi korraldama kord kuus 2 tundi #minutwitter See on hea idee, mille rakendamise kulud on&hellip;Loe veel &#8250;","og_url":"https:\/\/toompark.com\/aarne\/minutwitter-labi-minu-eesti-ees\/","og_site_name":"Aarne bloog","article_publisher":"https:\/\/www.facebook.com\/aarne.toompark","article_author":"https:\/\/www.facebook.com\/aarne.toompark","article_published_time":"2009-05-01T04:23:32+00:00","article_modified_time":"2023-02-27T04:55:32+00:00","og_image":[{"width":250,"height":305,"url":"https:\/\/toompark.com\/aarne\/wp-content\/uploads\/2009\/05\/laevad.jpg","type":"image\/jpeg"}],"author":"Aarne","twitter_card":"summary_large_image","twitter_creator":"@Aarne","twitter_site":"@Aarne","twitter_misc":{"Written by":"Aarne","Est. reading time":"2 minutit"},"schema":{"@context":"https:\/\/schema.org","@graph":[{"@type":"Article","@id":"https:\/\/toompark.com\/aarne\/minutwitter-labi-minu-eesti-ees\/#article","isPartOf":{"@id":"https:\/\/toompark.com\/aarne\/minutwitter-labi-minu-eesti-ees\/"},"author":{"name":"Aarne","@id":"https:\/\/toompark.com\/aarne\/#\/schema\/person\/cad6a11e0fa62991870721d353fe8b1b"},"headline":"#minutwitter l\u00e4bi, Minu Eesti ees","datePublished":"2009-05-01T04:23:32+00:00","dateModified":"2023-02-27T04:55:32+00:00","mainEntityOfPage":{"@id":"https:\/\/toompark.com\/aarne\/minutwitter-labi-minu-eesti-ees\/"},"wordCount":401,"commentCount":1,"publisher":{"@id":"https:\/\/toompark.com\/aarne\/#\/schema\/person\/cad6a11e0fa62991870721d353fe8b1b"},"image":{"@id":"https:\/\/toompark.com\/aarne\/minutwitter-labi-minu-eesti-ees\/#primaryimage"},"thumbnailUrl":"https:\/\/toompark.com\/aarne\/wp-content\/uploads\/2009\/05\/laevad.jpg","keywords":["Elu","Isetehtud asjad","Minu Eesti","Teeme \u00e4ra","Twitter"],"articleSection":["Aarne bloog"],"inLanguage":"et","potentialAction":[{"@type":"CommentAction","name":"Comment","target":["https:\/\/toompark.com\/aarne\/minutwitter-labi-minu-eesti-ees\/#respond"]}]},{"@type":"WebPage","@id":"https:\/\/toompark.com\/aarne\/minutwitter-labi-minu-eesti-ees\/","url":"https:\/\/toompark.com\/aarne\/minutwitter-labi-minu-eesti-ees\/","name":"#minutwitter l\u00e4bi, Minu Eesti ees - Aarne bloog","isPartOf":{"@id":"https:\/\/toompark.com\/aarne\/#website"},"primaryImageOfPage":{"@id":"https:\/\/toompark.com\/aarne\/minutwitter-labi-minu-eesti-ees\/#primaryimage"},"image":{"@id":"https:\/\/toompark.com\/aarne\/minutwitter-labi-minu-eesti-ees\/#primaryimage"},"thumbnailUrl":"https:\/\/toompark.com\/aarne\/wp-content\/uploads\/2009\/05\/laevad.jpg","datePublished":"2009-05-01T04:23:32+00:00","dateModified":"2023-02-27T04:55:32+00:00","breadcrumb":{"@id":"https:\/\/toompark.com\/aarne\/minutwitter-labi-minu-eesti-ees\/#breadcrumb"},"inLanguage":"et","potentialAction":[{"@type":"ReadAction","target":["https:\/\/toompark.com\/aarne\/minutwitter-labi-minu-eesti-ees\/"]}]},{"@type":"ImageObject","inLanguage":"et","@id":"https:\/\/toompark.com\/aarne\/minutwitter-labi-minu-eesti-ees\/#primaryimage","url":"https:\/\/toompark.com\/aarne\/wp-content\/uploads\/2009\/05\/laevad.jpg","contentUrl":"https:\/\/toompark.com\/aarne\/wp-content\/uploads\/2009\/05\/laevad.jpg","width":250,"height":305,"caption":"Laevad"},{"@type":"BreadcrumbList","@id":"https:\/\/toompark.com\/aarne\/minutwitter-labi-minu-eesti-ees\/#breadcrumb","itemListElement":[{"@type":"ListItem","position":1,"name":"Home","item":"https:\/\/toompark.com\/aarne\/"},{"@type":"ListItem","position":2,"name":"Aarne bloog","item":"https:\/\/toompark.com\/aarne\/kategooria\/aarne-bloog\/"},{"@type":"ListItem","position":3,"name":"#minutwitter l\u00e4bi, Minu Eesti ees"}]},{"@type":"WebSite","@id":"https:\/\/toompark.com\/aarne\/#website","url":"https:\/\/toompark.com\/aarne\/","name":"Aarne bloog","description":"Aarne elu ja tegemised - elu ise","publisher":{"@id":"https:\/\/toompark.com\/aarne\/#\/schema\/person\/cad6a11e0fa62991870721d353fe8b1b"},"potentialAction":[{"@type":"SearchAction","target":{"@type":"EntryPoint","urlTemplate":"https:\/\/toompark.com\/aarne\/?s={search_term_string}"},"query-input":{"@type":"PropertyValueSpecification","valueRequired":true,"valueName":"search_term_string"}}],"inLanguage":"et"},{"@type":["Person","Organization"],"@id":"https:\/\/toompark.com\/aarne\/#\/schema\/person\/cad6a11e0fa62991870721d353fe8b1b","name":"Aarne","image":{"@type":"ImageObject","inLanguage":"et","@id":"https:\/\/toompark.com\/aarne\/wp-content\/uploads\/2016\/11\/aarne-toompark.jpg","url":"https:\/\/toompark.com\/aarne\/wp-content\/uploads\/2016\/11\/aarne-toompark.jpg","contentUrl":"https:\/\/toompark.com\/aarne\/wp-content\/uploads\/2016\/11\/aarne-toompark.jpg","width":500,"height":500,"caption":"Aarne"},"logo":{"@id":"https:\/\/toompark.com\/aarne\/wp-content\/uploads\/2016\/11\/aarne-toompark.jpg"},"sameAs":["https:\/\/toompark.com\/aarne\/","https:\/\/www.facebook.com\/aarne.toompark","https:\/\/www.instagram.com\/aarnet\/","https:\/\/www.linkedin.com\/in\/aarnetoompark\/","https:\/\/x.com\/Aarne"],"url":"https:\/\/toompark.com\/aarne\/author\/aarne\/"}]}},"jetpack_publicize_connections":[],"jetpack_featured_media_url":"https:\/\/toompark.com\/aarne\/wp-content\/uploads\/2009\/05\/laevad.jpg","jetpack_sharing_enabled":true,"jetpack_shortlink":"https:\/\/wp.me\/p4ti3-1GN","_links":{"self":[{"href":"https:\/\/toompark.com\/aarne\/wp-json\/wp\/v2\/posts\/6497","targetHints":{"allow":["GET"]}}],"collection":[{"href":"https:\/\/toompark.com\/aarne\/wp-json\/wp\/v2\/posts"}],"about":[{"href":"https:\/\/toompark.com\/aarne\/wp-json\/wp\/v2\/types\/post"}],"author":[{"embeddable":true,"href":"https:\/\/toompark.com\/aarne\/wp-json\/wp\/v2\/users\/1"}],"replies":[{"embeddable":true,"href":"https:\/\/toompark.com\/aarne\/wp-json\/wp\/v2\/comments?post=6497"}],"version-history":[{"count":0,"href":"https:\/\/toompark.com\/aarne\/wp-json\/wp\/v2\/posts\/6497\/revisions"}],"wp:featuredmedia":[{"embeddable":true,"href":"https:\/\/toompark.com\/aarne\/wp-json\/wp\/v2\/media\/6498"}],"wp:attachment":[{"href":"https:\/\/toompark.com\/aarne\/wp-json\/wp\/v2\/media?parent=6497"}],"wp:term":[{"taxonomy":"category","embeddable":true,"href":"https:\/\/toompark.com\/aarne\/wp-json\/wp\/v2\/categories?post=6497"},{"taxonomy":"post_tag","embeddable":true,"href":"https:\/\/toompark.com\/aarne\/wp-json\/wp\/v2\/tags?post=6497"}],"curies":[{"name":"wp","href":"https:\/\/api.w.org\/{rel}","templated":true}]}}