{"id":6807,"date":"2009-07-21T08:15:27","date_gmt":"2009-07-21T05:15:27","guid":{"rendered":"https:\/\/toompark.com\/aarne\/?p=6807"},"modified":"2023-06-17T07:49:08","modified_gmt":"2023-06-17T04:49:08","slug":"korteriuhistu-koosolek-%e2%80%93-vahest-tuleb-ka-otsus","status":"publish","type":"post","link":"https:\/\/toompark.com\/aarne\/korteriuhistu-koosolek-%e2%80%93-vahest-tuleb-ka-otsus\/","title":{"rendered":"Korteri\u00fchistu koosolek \u2013 vahest tuleb ka Otsus"},"content":{"rendered":"<p><img decoding=\"async\" class=\"alignnone size-full wp-image-6808\" title=\"Munad\" src=\"https:\/\/toompark.com\/aarne\/wp-content\/uploads\/2009\/07\/Munad.jpg\" alt=\"Munad\" hspace=\"5\" width=\"250\" align=\"right\" srcset=\"https:\/\/toompark.com\/aarne\/wp-content\/uploads\/2009\/07\/Munad.jpg 250w, https:\/\/toompark.com\/aarne\/wp-content\/uploads\/2009\/07\/Munad-100x75.jpg 100w, https:\/\/toompark.com\/aarne\/wp-content\/uploads\/2009\/07\/Munad-150x112.jpg 150w, https:\/\/toompark.com\/aarne\/wp-content\/uploads\/2009\/07\/Munad-200x150.jpg 200w\" sizes=\"(max-width: 250px) 100vw, 250px\" \/>Eile \u00f5htul k\u00e4isin j\u00e4lle korteri\u00fchistu koosolekul. Tegu oli hooaja teise koosolekuga, sellega, mis igal juhul h\u00e4\u00e4le\u00f5iguslik on. Mingil p\u00f5hjusel osales seal v\u00e4ga palju neid, kes justkui ei taju \u00fcmbritsevat maailma t\u00e4iesti adekvaatselt. Selle \u00fcle, et inimestel oma kodust ja sellega seotud asjadest s\u00fcgavalt poogen on ja nad \u00fchistu koosolekule ei viitsi minna, ma enam ei imesta.<\/p>\n<p>M\u00f5ned v\u00e4ljav\u00f5tted mu m\u00e4lus s\u00e4ilinud mitteametlikust koosolekuprotokollist:<\/p>\n<p style=\"text-align: center;\">* * *<\/p>\n<p>Koosoleku juhataja (KJ): H\u00e4\u00e4letame, kes on poolt, et v\u00f5ta pangalaenu ja maja fassaadid m\u00f5lemalt poolt \u00e4ra soojustada?<br \/>\nEnamus on poolt, vastu h\u00e4\u00e4letab 1 ja erapooletuid pole.<br \/>\nOtsus vastu v\u00f5etud.<\/p>\n<p style=\"text-align: center;\">* * *<\/p>\n<p>On m\u00f6\u00f6dunud aeg, koosolek on edasi veerenud ja arutusel on juba hoopis teised k\u00fcsimused.<br \/>\nKJ: Ja n\u00fc\u00fcd h\u00e4\u00e4letame. Kes on poolt?<br \/>\nT\u00f5usevad m\u00f5ned k\u00e4ed.<br \/>\nKJ: Kes on vastu?<br \/>\nT\u00f5usevad m\u00f5ned k\u00e4ed.<br \/>\nKJ: Kes on erapooletu?<br \/>\nJ\u00e4llegi m\u00f5ned k\u00e4ed.<br \/>\nKJ: Otsus vastu v\u00f5etud.<br \/>\nH\u00e4\u00e4l saalist (HS): Aga mille poolt me h\u00e4\u00e4letasime? Mina laenu v\u00f5tta ei taha!<\/p>\n<p style=\"text-align: center;\">* * *<\/p>\n<p>K\u00e4imas on juba hoopis mingi muu asja arutamine, kui HS \u00fctleb, laenu ei peaks ikka v\u00f5tma sest pole teada, mida selle rahaga tehakse.<\/p>\n<p style=\"text-align: center;\">* * * * *<\/p>\n<p>Ma loodan, et n\u00fc\u00fcd sai ikka otsus vastu v\u00f5etud, et laen v\u00f5etakse ja fassaadid soojustatakse. Seda, et soojustatud fassaad t\u00e4hendab v\u00e4iksemat k\u00fcttearvet aga samas ka suurenenud remondifondi makset, ei suutnud paljud kohalviibinud kuni l\u00f5puni m\u00f5ista. Samuti ka seda, et eelmine ~2mil laen ja otsaseinte soojustamine suurendas maja kindlustusv\u00e4\u00e4rtust kokku 20mil v\u00f5rra.<\/p>\n<p>Ma ei usu, et asi oli keelebarj\u00e4\u00e4ris sest traditsiooniliselt peetakse meile koosolek kahes keeles ja valdav osa on mitteriigikeelne. Ja niisugustel on lubatud valimas k\u00e4ia...<\/p>\n<p>Mina olen see loll, kes k\u00e4ib igal koosolekul kohal. Ka sellel esimesel, kus kunagi piisavalt rahvast pole, et midagigi otsustada. Loobuda kah nagu ei saa.<\/p>\n","protected":false},"excerpt":{"rendered":"<p>Eile \u00f5htul k\u00e4isin j\u00e4lle korteri\u00fchistu koosolekul. Tegu oli hooaja teise koosolekuga, sellega, mis igal juhul h\u00e4\u00e4le\u00f5iguslik on. Mingil p\u00f5hjusel osales seal v\u00e4ga palju neid, kes justkui ei taju \u00fcmbritsevat maailma t\u00e4iesti adekvaatselt. Selle \u00fcle, et inimestel oma kodust ja sellega<span class=\"ellipsis\">&hellip;<\/span><\/p>\n<div class=\"read-more\"><a href=\"https:\/\/toompark.com\/aarne\/korteriuhistu-koosolek-%e2%80%93-vahest-tuleb-ka-otsus\/\">Loe veel &#8250;<\/a><\/div>\n<p><!-- end of .read-more --><\/p>\n","protected":false},"author":1,"featured_media":6808,"comment_status":"open","ping_status":"open","sticky":false,"template":"","format":"standard","meta":{"_jetpack_memberships_contains_paid_content":false,"footnotes":"","jetpack_publicize_message":"","jetpack_publicize_feature_enabled":true,"jetpack_social_post_already_shared":false,"jetpack_social_options":{"image_generator_settings":{"template":"highway","default_image_id":0,"font":"","enabled":false},"version":2}},"categories":[1],"tags":[9,8,4,162,82],"class_list":["post-6807","post","type-post","status-publish","format-standard","has-post-thumbnail","hentry","category-aarne-bloog","tag-elu","tag-isetehtud-asjad","tag-kodu","tag-korteriuhistu","tag-mustamae"],"yoast_head":"<!-- This site is optimized with the Yoast SEO plugin v27.5 - https:\/\/yoast.com\/product\/yoast-seo-wordpress\/ -->\n<title>Korteri\u00fchistu koosolek \u2013 vahest tuleb ka Otsus - Aarne bloog<\/title>\n<meta name=\"robots\" content=\"index, follow, max-snippet:-1, max-image-preview:large, max-video-preview:-1\" \/>\n<link rel=\"canonical\" href=\"https:\/\/toompark.com\/aarne\/korteriuhistu-koosolek-\u2013-vahest-tuleb-ka-otsus\/\" \/>\n<meta property=\"og:locale\" content=\"et_EE\" \/>\n<meta property=\"og:type\" content=\"article\" \/>\n<meta property=\"og:title\" content=\"Korteri\u00fchistu koosolek \u2013 vahest tuleb ka Otsus - Aarne bloog\" \/>\n<meta property=\"og:description\" content=\"Eile \u00f5htul k\u00e4isin j\u00e4lle korteri\u00fchistu koosolekul. Tegu oli hooaja teise koosolekuga, sellega, mis igal juhul h\u00e4\u00e4le\u00f5iguslik on. Mingil p\u00f5hjusel osales seal v\u00e4ga palju neid, kes justkui ei taju \u00fcmbritsevat maailma t\u00e4iesti adekvaatselt. Selle \u00fcle, et inimestel oma kodust ja sellega&hellip;Loe veel &#8250;\" \/>\n<meta property=\"og:url\" content=\"https:\/\/toompark.com\/aarne\/korteriuhistu-koosolek-\u2013-vahest-tuleb-ka-otsus\/\" \/>\n<meta property=\"og:site_name\" content=\"Aarne bloog\" \/>\n<meta property=\"article:publisher\" content=\"https:\/\/www.facebook.com\/aarne.toompark\" \/>\n<meta property=\"article:author\" content=\"https:\/\/www.facebook.com\/aarne.toompark\" \/>\n<meta property=\"article:published_time\" content=\"2009-07-21T05:15:27+00:00\" \/>\n<meta property=\"article:modified_time\" content=\"2023-06-17T04:49:08+00:00\" \/>\n<meta property=\"og:image\" content=\"https:\/\/toompark.com\/aarne\/wp-content\/uploads\/2009\/07\/Munad.jpg\" \/>\n\t<meta property=\"og:image:width\" content=\"250\" \/>\n\t<meta property=\"og:image:height\" content=\"187\" \/>\n\t<meta property=\"og:image:type\" content=\"image\/jpeg\" \/>\n<meta name=\"author\" content=\"Aarne\" \/>\n<meta name=\"twitter:card\" content=\"summary_large_image\" \/>\n<meta name=\"twitter:creator\" content=\"@Aarne\" \/>\n<meta name=\"twitter:site\" content=\"@Aarne\" \/>\n<meta name=\"twitter:label1\" content=\"Written by\" \/>\n\t<meta name=\"twitter:data1\" content=\"Aarne\" \/>\n\t<meta name=\"twitter:label2\" content=\"Est. reading time\" \/>\n\t<meta name=\"twitter:data2\" content=\"2 minutit\" \/>\n<script type=\"application\/ld+json\" class=\"yoast-schema-graph\">{\"@context\":\"https:\\\/\\\/schema.org\",\"@graph\":[{\"@type\":\"Article\",\"@id\":\"https:\\\/\\\/toompark.com\\\/aarne\\\/korteriuhistu-koosolek-%e2%80%93-vahest-tuleb-ka-otsus\\\/#article\",\"isPartOf\":{\"@id\":\"https:\\\/\\\/toompark.com\\\/aarne\\\/korteriuhistu-koosolek-%e2%80%93-vahest-tuleb-ka-otsus\\\/\"},\"author\":{\"name\":\"Aarne\",\"@id\":\"https:\\\/\\\/toompark.com\\\/aarne\\\/#\\\/schema\\\/person\\\/cad6a11e0fa62991870721d353fe8b1b\"},\"headline\":\"Korteri\u00fchistu koosolek \u2013 vahest tuleb ka Otsus\",\"datePublished\":\"2009-07-21T05:15:27+00:00\",\"dateModified\":\"2023-06-17T04:49:08+00:00\",\"mainEntityOfPage\":{\"@id\":\"https:\\\/\\\/toompark.com\\\/aarne\\\/korteriuhistu-koosolek-%e2%80%93-vahest-tuleb-ka-otsus\\\/\"},\"wordCount\":328,\"commentCount\":5,\"publisher\":{\"@id\":\"https:\\\/\\\/toompark.com\\\/aarne\\\/#\\\/schema\\\/person\\\/cad6a11e0fa62991870721d353fe8b1b\"},\"image\":{\"@id\":\"https:\\\/\\\/toompark.com\\\/aarne\\\/korteriuhistu-koosolek-%e2%80%93-vahest-tuleb-ka-otsus\\\/#primaryimage\"},\"thumbnailUrl\":\"https:\\\/\\\/toompark.com\\\/aarne\\\/wp-content\\\/uploads\\\/2009\\\/07\\\/Munad.jpg\",\"keywords\":[\"Elu\",\"Isetehtud asjad\",\"Kodu\",\"Korteri\u00fchistu\",\"Mustam\u00e4e\"],\"articleSection\":[\"Aarne bloog\"],\"inLanguage\":\"et\",\"potentialAction\":[{\"@type\":\"CommentAction\",\"name\":\"Comment\",\"target\":[\"https:\\\/\\\/toompark.com\\\/aarne\\\/korteriuhistu-koosolek-%e2%80%93-vahest-tuleb-ka-otsus\\\/#respond\"]}]},{\"@type\":\"WebPage\",\"@id\":\"https:\\\/\\\/toompark.com\\\/aarne\\\/korteriuhistu-koosolek-%e2%80%93-vahest-tuleb-ka-otsus\\\/\",\"url\":\"https:\\\/\\\/toompark.com\\\/aarne\\\/korteriuhistu-koosolek-%e2%80%93-vahest-tuleb-ka-otsus\\\/\",\"name\":\"Korteri\u00fchistu koosolek \u2013 vahest tuleb ka Otsus - Aarne bloog\",\"isPartOf\":{\"@id\":\"https:\\\/\\\/toompark.com\\\/aarne\\\/#website\"},\"primaryImageOfPage\":{\"@id\":\"https:\\\/\\\/toompark.com\\\/aarne\\\/korteriuhistu-koosolek-%e2%80%93-vahest-tuleb-ka-otsus\\\/#primaryimage\"},\"image\":{\"@id\":\"https:\\\/\\\/toompark.com\\\/aarne\\\/korteriuhistu-koosolek-%e2%80%93-vahest-tuleb-ka-otsus\\\/#primaryimage\"},\"thumbnailUrl\":\"https:\\\/\\\/toompark.com\\\/aarne\\\/wp-content\\\/uploads\\\/2009\\\/07\\\/Munad.jpg\",\"datePublished\":\"2009-07-21T05:15:27+00:00\",\"dateModified\":\"2023-06-17T04:49:08+00:00\",\"breadcrumb\":{\"@id\":\"https:\\\/\\\/toompark.com\\\/aarne\\\/korteriuhistu-koosolek-%e2%80%93-vahest-tuleb-ka-otsus\\\/#breadcrumb\"},\"inLanguage\":\"et\",\"potentialAction\":[{\"@type\":\"ReadAction\",\"target\":[\"https:\\\/\\\/toompark.com\\\/aarne\\\/korteriuhistu-koosolek-%e2%80%93-vahest-tuleb-ka-otsus\\\/\"]}]},{\"@type\":\"ImageObject\",\"inLanguage\":\"et\",\"@id\":\"https:\\\/\\\/toompark.com\\\/aarne\\\/korteriuhistu-koosolek-%e2%80%93-vahest-tuleb-ka-otsus\\\/#primaryimage\",\"url\":\"https:\\\/\\\/toompark.com\\\/aarne\\\/wp-content\\\/uploads\\\/2009\\\/07\\\/Munad.jpg\",\"contentUrl\":\"https:\\\/\\\/toompark.com\\\/aarne\\\/wp-content\\\/uploads\\\/2009\\\/07\\\/Munad.jpg\",\"width\":250,\"height\":187},{\"@type\":\"BreadcrumbList\",\"@id\":\"https:\\\/\\\/toompark.com\\\/aarne\\\/korteriuhistu-koosolek-%e2%80%93-vahest-tuleb-ka-otsus\\\/#breadcrumb\",\"itemListElement\":[{\"@type\":\"ListItem\",\"position\":1,\"name\":\"Home\",\"item\":\"https:\\\/\\\/toompark.com\\\/aarne\\\/\"},{\"@type\":\"ListItem\",\"position\":2,\"name\":\"Aarne bloog\",\"item\":\"https:\\\/\\\/toompark.com\\\/aarne\\\/kategooria\\\/aarne-bloog\\\/\"},{\"@type\":\"ListItem\",\"position\":3,\"name\":\"Korteri\u00fchistu koosolek \u2013 vahest tuleb ka Otsus\"}]},{\"@type\":\"WebSite\",\"@id\":\"https:\\\/\\\/toompark.com\\\/aarne\\\/#website\",\"url\":\"https:\\\/\\\/toompark.com\\\/aarne\\\/\",\"name\":\"Aarne bloog\",\"description\":\"Aarne elu ja tegemised - elu ise\",\"publisher\":{\"@id\":\"https:\\\/\\\/toompark.com\\\/aarne\\\/#\\\/schema\\\/person\\\/cad6a11e0fa62991870721d353fe8b1b\"},\"potentialAction\":[{\"@type\":\"SearchAction\",\"target\":{\"@type\":\"EntryPoint\",\"urlTemplate\":\"https:\\\/\\\/toompark.com\\\/aarne\\\/?s={search_term_string}\"},\"query-input\":{\"@type\":\"PropertyValueSpecification\",\"valueRequired\":true,\"valueName\":\"search_term_string\"}}],\"inLanguage\":\"et\"},{\"@type\":[\"Person\",\"Organization\"],\"@id\":\"https:\\\/\\\/toompark.com\\\/aarne\\\/#\\\/schema\\\/person\\\/cad6a11e0fa62991870721d353fe8b1b\",\"name\":\"Aarne\",\"image\":{\"@type\":\"ImageObject\",\"inLanguage\":\"et\",\"@id\":\"https:\\\/\\\/toompark.com\\\/aarne\\\/wp-content\\\/uploads\\\/2016\\\/11\\\/aarne-toompark.jpg\",\"url\":\"https:\\\/\\\/toompark.com\\\/aarne\\\/wp-content\\\/uploads\\\/2016\\\/11\\\/aarne-toompark.jpg\",\"contentUrl\":\"https:\\\/\\\/toompark.com\\\/aarne\\\/wp-content\\\/uploads\\\/2016\\\/11\\\/aarne-toompark.jpg\",\"width\":500,\"height\":500,\"caption\":\"Aarne\"},\"logo\":{\"@id\":\"https:\\\/\\\/toompark.com\\\/aarne\\\/wp-content\\\/uploads\\\/2016\\\/11\\\/aarne-toompark.jpg\"},\"sameAs\":[\"https:\\\/\\\/toompark.com\\\/aarne\\\/\",\"https:\\\/\\\/www.facebook.com\\\/aarne.toompark\",\"https:\\\/\\\/www.instagram.com\\\/aarnet\\\/\",\"https:\\\/\\\/www.linkedin.com\\\/in\\\/aarnetoompark\\\/\",\"https:\\\/\\\/x.com\\\/Aarne\"],\"url\":\"https:\\\/\\\/toompark.com\\\/aarne\\\/author\\\/aarne\\\/\"}]}<\/script>\n<!-- \/ Yoast SEO plugin. -->","yoast_head_json":{"title":"Korteri\u00fchistu koosolek \u2013 vahest tuleb ka Otsus - Aarne bloog","robots":{"index":"index","follow":"follow","max-snippet":"max-snippet:-1","max-image-preview":"max-image-preview:large","max-video-preview":"max-video-preview:-1"},"canonical":"https:\/\/toompark.com\/aarne\/korteriuhistu-koosolek-\u2013-vahest-tuleb-ka-otsus\/","og_locale":"et_EE","og_type":"article","og_title":"Korteri\u00fchistu koosolek \u2013 vahest tuleb ka Otsus - Aarne bloog","og_description":"Eile \u00f5htul k\u00e4isin j\u00e4lle korteri\u00fchistu koosolekul. Tegu oli hooaja teise koosolekuga, sellega, mis igal juhul h\u00e4\u00e4le\u00f5iguslik on. Mingil p\u00f5hjusel osales seal v\u00e4ga palju neid, kes justkui ei taju \u00fcmbritsevat maailma t\u00e4iesti adekvaatselt. Selle \u00fcle, et inimestel oma kodust ja sellega&hellip;Loe veel &#8250;","og_url":"https:\/\/toompark.com\/aarne\/korteriuhistu-koosolek-\u2013-vahest-tuleb-ka-otsus\/","og_site_name":"Aarne bloog","article_publisher":"https:\/\/www.facebook.com\/aarne.toompark","article_author":"https:\/\/www.facebook.com\/aarne.toompark","article_published_time":"2009-07-21T05:15:27+00:00","article_modified_time":"2023-06-17T04:49:08+00:00","og_image":[{"width":250,"height":187,"url":"https:\/\/toompark.com\/aarne\/wp-content\/uploads\/2009\/07\/Munad.jpg","type":"image\/jpeg"}],"author":"Aarne","twitter_card":"summary_large_image","twitter_creator":"@Aarne","twitter_site":"@Aarne","twitter_misc":{"Written by":"Aarne","Est. reading time":"2 minutit"},"schema":{"@context":"https:\/\/schema.org","@graph":[{"@type":"Article","@id":"https:\/\/toompark.com\/aarne\/korteriuhistu-koosolek-%e2%80%93-vahest-tuleb-ka-otsus\/#article","isPartOf":{"@id":"https:\/\/toompark.com\/aarne\/korteriuhistu-koosolek-%e2%80%93-vahest-tuleb-ka-otsus\/"},"author":{"name":"Aarne","@id":"https:\/\/toompark.com\/aarne\/#\/schema\/person\/cad6a11e0fa62991870721d353fe8b1b"},"headline":"Korteri\u00fchistu koosolek \u2013 vahest tuleb ka Otsus","datePublished":"2009-07-21T05:15:27+00:00","dateModified":"2023-06-17T04:49:08+00:00","mainEntityOfPage":{"@id":"https:\/\/toompark.com\/aarne\/korteriuhistu-koosolek-%e2%80%93-vahest-tuleb-ka-otsus\/"},"wordCount":328,"commentCount":5,"publisher":{"@id":"https:\/\/toompark.com\/aarne\/#\/schema\/person\/cad6a11e0fa62991870721d353fe8b1b"},"image":{"@id":"https:\/\/toompark.com\/aarne\/korteriuhistu-koosolek-%e2%80%93-vahest-tuleb-ka-otsus\/#primaryimage"},"thumbnailUrl":"https:\/\/toompark.com\/aarne\/wp-content\/uploads\/2009\/07\/Munad.jpg","keywords":["Elu","Isetehtud asjad","Kodu","Korteri\u00fchistu","Mustam\u00e4e"],"articleSection":["Aarne bloog"],"inLanguage":"et","potentialAction":[{"@type":"CommentAction","name":"Comment","target":["https:\/\/toompark.com\/aarne\/korteriuhistu-koosolek-%e2%80%93-vahest-tuleb-ka-otsus\/#respond"]}]},{"@type":"WebPage","@id":"https:\/\/toompark.com\/aarne\/korteriuhistu-koosolek-%e2%80%93-vahest-tuleb-ka-otsus\/","url":"https:\/\/toompark.com\/aarne\/korteriuhistu-koosolek-%e2%80%93-vahest-tuleb-ka-otsus\/","name":"Korteri\u00fchistu koosolek \u2013 vahest tuleb ka Otsus - Aarne bloog","isPartOf":{"@id":"https:\/\/toompark.com\/aarne\/#website"},"primaryImageOfPage":{"@id":"https:\/\/toompark.com\/aarne\/korteriuhistu-koosolek-%e2%80%93-vahest-tuleb-ka-otsus\/#primaryimage"},"image":{"@id":"https:\/\/toompark.com\/aarne\/korteriuhistu-koosolek-%e2%80%93-vahest-tuleb-ka-otsus\/#primaryimage"},"thumbnailUrl":"https:\/\/toompark.com\/aarne\/wp-content\/uploads\/2009\/07\/Munad.jpg","datePublished":"2009-07-21T05:15:27+00:00","dateModified":"2023-06-17T04:49:08+00:00","breadcrumb":{"@id":"https:\/\/toompark.com\/aarne\/korteriuhistu-koosolek-%e2%80%93-vahest-tuleb-ka-otsus\/#breadcrumb"},"inLanguage":"et","potentialAction":[{"@type":"ReadAction","target":["https:\/\/toompark.com\/aarne\/korteriuhistu-koosolek-%e2%80%93-vahest-tuleb-ka-otsus\/"]}]},{"@type":"ImageObject","inLanguage":"et","@id":"https:\/\/toompark.com\/aarne\/korteriuhistu-koosolek-%e2%80%93-vahest-tuleb-ka-otsus\/#primaryimage","url":"https:\/\/toompark.com\/aarne\/wp-content\/uploads\/2009\/07\/Munad.jpg","contentUrl":"https:\/\/toompark.com\/aarne\/wp-content\/uploads\/2009\/07\/Munad.jpg","width":250,"height":187},{"@type":"BreadcrumbList","@id":"https:\/\/toompark.com\/aarne\/korteriuhistu-koosolek-%e2%80%93-vahest-tuleb-ka-otsus\/#breadcrumb","itemListElement":[{"@type":"ListItem","position":1,"name":"Home","item":"https:\/\/toompark.com\/aarne\/"},{"@type":"ListItem","position":2,"name":"Aarne bloog","item":"https:\/\/toompark.com\/aarne\/kategooria\/aarne-bloog\/"},{"@type":"ListItem","position":3,"name":"Korteri\u00fchistu koosolek \u2013 vahest tuleb ka Otsus"}]},{"@type":"WebSite","@id":"https:\/\/toompark.com\/aarne\/#website","url":"https:\/\/toompark.com\/aarne\/","name":"Aarne bloog","description":"Aarne elu ja tegemised - elu ise","publisher":{"@id":"https:\/\/toompark.com\/aarne\/#\/schema\/person\/cad6a11e0fa62991870721d353fe8b1b"},"potentialAction":[{"@type":"SearchAction","target":{"@type":"EntryPoint","urlTemplate":"https:\/\/toompark.com\/aarne\/?s={search_term_string}"},"query-input":{"@type":"PropertyValueSpecification","valueRequired":true,"valueName":"search_term_string"}}],"inLanguage":"et"},{"@type":["Person","Organization"],"@id":"https:\/\/toompark.com\/aarne\/#\/schema\/person\/cad6a11e0fa62991870721d353fe8b1b","name":"Aarne","image":{"@type":"ImageObject","inLanguage":"et","@id":"https:\/\/toompark.com\/aarne\/wp-content\/uploads\/2016\/11\/aarne-toompark.jpg","url":"https:\/\/toompark.com\/aarne\/wp-content\/uploads\/2016\/11\/aarne-toompark.jpg","contentUrl":"https:\/\/toompark.com\/aarne\/wp-content\/uploads\/2016\/11\/aarne-toompark.jpg","width":500,"height":500,"caption":"Aarne"},"logo":{"@id":"https:\/\/toompark.com\/aarne\/wp-content\/uploads\/2016\/11\/aarne-toompark.jpg"},"sameAs":["https:\/\/toompark.com\/aarne\/","https:\/\/www.facebook.com\/aarne.toompark","https:\/\/www.instagram.com\/aarnet\/","https:\/\/www.linkedin.com\/in\/aarnetoompark\/","https:\/\/x.com\/Aarne"],"url":"https:\/\/toompark.com\/aarne\/author\/aarne\/"}]}},"jetpack_publicize_connections":[],"jetpack_featured_media_url":"https:\/\/toompark.com\/aarne\/wp-content\/uploads\/2009\/07\/Munad.jpg","jetpack_sharing_enabled":true,"jetpack_shortlink":"https:\/\/wp.me\/p4ti3-1LN","_links":{"self":[{"href":"https:\/\/toompark.com\/aarne\/wp-json\/wp\/v2\/posts\/6807","targetHints":{"allow":["GET"]}}],"collection":[{"href":"https:\/\/toompark.com\/aarne\/wp-json\/wp\/v2\/posts"}],"about":[{"href":"https:\/\/toompark.com\/aarne\/wp-json\/wp\/v2\/types\/post"}],"author":[{"embeddable":true,"href":"https:\/\/toompark.com\/aarne\/wp-json\/wp\/v2\/users\/1"}],"replies":[{"embeddable":true,"href":"https:\/\/toompark.com\/aarne\/wp-json\/wp\/v2\/comments?post=6807"}],"version-history":[{"count":0,"href":"https:\/\/toompark.com\/aarne\/wp-json\/wp\/v2\/posts\/6807\/revisions"}],"wp:featuredmedia":[{"embeddable":true,"href":"https:\/\/toompark.com\/aarne\/wp-json\/wp\/v2\/media\/6808"}],"wp:attachment":[{"href":"https:\/\/toompark.com\/aarne\/wp-json\/wp\/v2\/media?parent=6807"}],"wp:term":[{"taxonomy":"category","embeddable":true,"href":"https:\/\/toompark.com\/aarne\/wp-json\/wp\/v2\/categories?post=6807"},{"taxonomy":"post_tag","embeddable":true,"href":"https:\/\/toompark.com\/aarne\/wp-json\/wp\/v2\/tags?post=6807"}],"curies":[{"name":"wp","href":"https:\/\/api.w.org\/{rel}","templated":true}]}}