{"id":7016,"date":"2009-09-24T11:41:29","date_gmt":"2009-09-24T08:41:29","guid":{"rendered":"https:\/\/toompark.com\/aarne\/?p=7016"},"modified":"2023-04-30T07:37:40","modified_gmt":"2023-04-30T04:37:40","slug":"homme-ohtul-ule-eestiline-meeleavaldus","status":"publish","type":"post","link":"https:\/\/toompark.com\/aarne\/homme-ohtul-ule-eestiline-meeleavaldus\/","title":{"rendered":"Homme \u00f5htul \u00fcle-Eestiline meeleavaldus!"},"content":{"rendered":"<p><img loading=\"lazy\" decoding=\"async\" class=\"alignnone size-full wp-image-7017\" title=\"Meeleavaldajad\" src=\"https:\/\/toompark.com\/aarne\/wp-content\/uploads\/2009\/09\/Meeleavaldajad.jpg\" alt=\"Meeleavaldajad\" hspace=\"5\" width=\"250\" height=\"389\" align=\"right\" srcset=\"https:\/\/toompark.com\/aarne\/wp-content\/uploads\/2009\/09\/Meeleavaldajad.jpg 250w, https:\/\/toompark.com\/aarne\/wp-content\/uploads\/2009\/09\/Meeleavaldajad-193x300.jpg 193w, https:\/\/toompark.com\/aarne\/wp-content\/uploads\/2009\/09\/Meeleavaldajad-100x156.jpg 100w, https:\/\/toompark.com\/aarne\/wp-content\/uploads\/2009\/09\/Meeleavaldajad-150x233.jpg 150w, https:\/\/toompark.com\/aarne\/wp-content\/uploads\/2009\/09\/Meeleavaldajad-200x311.jpg 200w\" sizes=\"auto, (max-width: 250px) 100vw, 250px\" \/>Vaatasin just <a href=\"https:\/\/www.err.ee\/\">ERR<\/a> vahendusel Toompeal toimunud meeleavaldust ja mulle tundus, et v\u00e4ga l\u00f5bus \u00fcritus oli. L\u00f5busad asjad mulle meeldivad ja seega kuulutan v\u00e4lja \u00fcle - Eestilise meeleavalduse, mis toimub juba homme \u00f5htul.<\/p>\n<p>Meeleavaldus on suunatud k\u00f5ige halva vastu ning hea ja ilusa kaitseks.<\/p>\n<p>Kuna ma olen Eestis k\u00f5rgema v\u00f5imu kandja (<a title=\"EESTI VABARIIGI P\u00d5HISEADUS\" href=\"https:\/\/www.riigiteataja.ee\/akt\/12846827\">P\u00f5hiseadus<\/a>, \u00a71), siis on see v\u00e4lja kuulutamine v\u00f5rdsustatud osalemisk\u00e4suga k\u00f5igile Eesti Vabariigi elanikele ja eriti just avaliku sektori t\u00f6\u00f6tajatele.<\/p>\n<p>Lisaks sellele, et ma keelan, k\u00e4sin, poon ja lasen, olen ma ka v\u00e4ga heas\u00fcdamlik ja olen osalemise teinud v\u00e4ga lihtsaks:<\/p>\n<ul>\n<li>S\u00fcgisese ilmaga \u00f5ue pole vaja minna (aga v\u00f5ib, kui isu on).<\/li>\n<li>Plakateid joonistama ei pea.\u00a0 Kes tahab, v\u00f5ib ka plakati valmistada.<\/li>\n<li>Piletit ei k\u00fcsita.<\/li>\n<\/ul>\n<p>Oled oma osalemiskohustuse t\u00e4itnud, kui homme \u00f5htul ...<\/p>\n<ul>\n<li>... oled kodus ja tegeled oma tavaliste reede\u00f5htuste asjadega.<\/li>\n<li>... sa istud koos l\u00e4hedastega pubis, restoranis, baaris, kohvikus.<\/li>\n<li>... j\u00e4lgid kontserti, etendust, filmi v\u00f5i telesaadet.<\/li>\n<li>... on su n\u00e4gemisulatuses v\u00e4hemalt \u00fcks meeleavaldusel osaleja.<\/li>\n<li>... m\u00f5ni meeleavaldaja n\u00e4eb sind.<\/li>\n<li>... oled seda kutset lugenud.<\/li>\n<li>... viibid Eesti territooriumil.<\/li>\n<\/ul>\n<p>Head osalemist!<\/p>\n<p>Levita seda teadet ka oma t\u00f6\u00f6-, kooli- ja m\u00e4ngukaaslastele, perele ja s\u00f5pradele ning kutsu neidki osalema.<\/p>\n","protected":false},"excerpt":{"rendered":"<p>Vaatasin just ERR vahendusel Toompeal toimunud meeleavaldust ja mulle tundus, et v\u00e4ga l\u00f5bus \u00fcritus oli. L\u00f5busad asjad mulle meeldivad ja seega kuulutan v\u00e4lja \u00fcle &#8211; Eestilise meeleavalduse, mis toimub juba homme \u00f5htul. Meeleavaldus on suunatud k\u00f5ige halva vastu ning hea<span class=\"ellipsis\">&hellip;<\/span><\/p>\n<div class=\"read-more\"><a href=\"https:\/\/toompark.com\/aarne\/homme-ohtul-ule-eestiline-meeleavaldus\/\">Loe veel &#8250;<\/a><\/div>\n<p><!-- end of .read-more --><\/p>\n","protected":false},"author":1,"featured_media":7017,"comment_status":"open","ping_status":"open","sticky":false,"template":"","format":"standard","meta":{"_jetpack_memberships_contains_paid_content":false,"footnotes":"","jetpack_publicize_message":"","jetpack_publicize_feature_enabled":true,"jetpack_social_post_already_shared":false,"jetpack_social_options":{"image_generator_settings":{"template":"highway","default_image_id":0,"font":"","enabled":false},"version":2}},"categories":[1],"tags":[102,8,7,12,155,67],"class_list":["post-7016","post","type-post","status-publish","format-standard","has-post-thumbnail","hentry","category-aarne-bloog","tag-eesti","tag-isetehtud-asjad","tag-nali-ja-naer","tag-poliitika","tag-reede","tag-valimised"],"yoast_head":"<!-- This site is optimized with the Yoast SEO plugin v27.5 - https:\/\/yoast.com\/product\/yoast-seo-wordpress\/ -->\n<title>Homme \u00f5htul \u00fcle-Eestiline meeleavaldus! - Aarne bloog<\/title>\n<meta name=\"robots\" content=\"index, follow, max-snippet:-1, max-image-preview:large, max-video-preview:-1\" \/>\n<link rel=\"canonical\" href=\"https:\/\/toompark.com\/aarne\/homme-ohtul-ule-eestiline-meeleavaldus\/\" \/>\n<meta property=\"og:locale\" content=\"et_EE\" \/>\n<meta property=\"og:type\" content=\"article\" \/>\n<meta property=\"og:title\" content=\"Homme \u00f5htul \u00fcle-Eestiline meeleavaldus! - Aarne bloog\" \/>\n<meta property=\"og:description\" content=\"Vaatasin just ERR vahendusel Toompeal toimunud meeleavaldust ja mulle tundus, et v\u00e4ga l\u00f5bus \u00fcritus oli. L\u00f5busad asjad mulle meeldivad ja seega kuulutan v\u00e4lja \u00fcle - Eestilise meeleavalduse, mis toimub juba homme \u00f5htul. Meeleavaldus on suunatud k\u00f5ige halva vastu ning hea&hellip;Loe veel &#8250;\" \/>\n<meta property=\"og:url\" content=\"https:\/\/toompark.com\/aarne\/homme-ohtul-ule-eestiline-meeleavaldus\/\" \/>\n<meta property=\"og:site_name\" content=\"Aarne bloog\" \/>\n<meta property=\"article:publisher\" content=\"https:\/\/www.facebook.com\/aarne.toompark\" \/>\n<meta property=\"article:author\" content=\"https:\/\/www.facebook.com\/aarne.toompark\" \/>\n<meta property=\"article:published_time\" content=\"2009-09-24T08:41:29+00:00\" \/>\n<meta property=\"article:modified_time\" content=\"2023-04-30T04:37:40+00:00\" \/>\n<meta property=\"og:image\" content=\"https:\/\/toompark.com\/aarne\/wp-content\/uploads\/2009\/09\/Meeleavaldajad.jpg\" \/>\n\t<meta property=\"og:image:width\" content=\"250\" \/>\n\t<meta property=\"og:image:height\" content=\"389\" \/>\n\t<meta property=\"og:image:type\" content=\"image\/jpeg\" \/>\n<meta name=\"author\" content=\"Aarne\" \/>\n<meta name=\"twitter:card\" content=\"summary_large_image\" \/>\n<meta name=\"twitter:creator\" content=\"@Aarne\" \/>\n<meta name=\"twitter:site\" content=\"@Aarne\" \/>\n<meta name=\"twitter:label1\" content=\"Written by\" \/>\n\t<meta name=\"twitter:data1\" content=\"Aarne\" \/>\n\t<meta name=\"twitter:label2\" content=\"Est. reading time\" \/>\n\t<meta name=\"twitter:data2\" content=\"1 minut\" \/>\n<script type=\"application\/ld+json\" class=\"yoast-schema-graph\">{\"@context\":\"https:\\\/\\\/schema.org\",\"@graph\":[{\"@type\":\"Article\",\"@id\":\"https:\\\/\\\/toompark.com\\\/aarne\\\/homme-ohtul-ule-eestiline-meeleavaldus\\\/#article\",\"isPartOf\":{\"@id\":\"https:\\\/\\\/toompark.com\\\/aarne\\\/homme-ohtul-ule-eestiline-meeleavaldus\\\/\"},\"author\":{\"name\":\"Aarne\",\"@id\":\"https:\\\/\\\/toompark.com\\\/aarne\\\/#\\\/schema\\\/person\\\/cad6a11e0fa62991870721d353fe8b1b\"},\"headline\":\"Homme \u00f5htul \u00fcle-Eestiline meeleavaldus!\",\"datePublished\":\"2009-09-24T08:41:29+00:00\",\"dateModified\":\"2023-04-30T04:37:40+00:00\",\"mainEntityOfPage\":{\"@id\":\"https:\\\/\\\/toompark.com\\\/aarne\\\/homme-ohtul-ule-eestiline-meeleavaldus\\\/\"},\"wordCount\":214,\"commentCount\":3,\"publisher\":{\"@id\":\"https:\\\/\\\/toompark.com\\\/aarne\\\/#\\\/schema\\\/person\\\/cad6a11e0fa62991870721d353fe8b1b\"},\"image\":{\"@id\":\"https:\\\/\\\/toompark.com\\\/aarne\\\/homme-ohtul-ule-eestiline-meeleavaldus\\\/#primaryimage\"},\"thumbnailUrl\":\"https:\\\/\\\/toompark.com\\\/aarne\\\/wp-content\\\/uploads\\\/2009\\\/09\\\/Meeleavaldajad.jpg\",\"keywords\":[\"Eesti\",\"Isetehtud asjad\",\"Nali ja naer\",\"Poliitika\",\"Reede\",\"Valimised\"],\"articleSection\":[\"Aarne bloog\"],\"inLanguage\":\"et\",\"potentialAction\":[{\"@type\":\"CommentAction\",\"name\":\"Comment\",\"target\":[\"https:\\\/\\\/toompark.com\\\/aarne\\\/homme-ohtul-ule-eestiline-meeleavaldus\\\/#respond\"]}]},{\"@type\":\"WebPage\",\"@id\":\"https:\\\/\\\/toompark.com\\\/aarne\\\/homme-ohtul-ule-eestiline-meeleavaldus\\\/\",\"url\":\"https:\\\/\\\/toompark.com\\\/aarne\\\/homme-ohtul-ule-eestiline-meeleavaldus\\\/\",\"name\":\"Homme \u00f5htul \u00fcle-Eestiline meeleavaldus! - Aarne bloog\",\"isPartOf\":{\"@id\":\"https:\\\/\\\/toompark.com\\\/aarne\\\/#website\"},\"primaryImageOfPage\":{\"@id\":\"https:\\\/\\\/toompark.com\\\/aarne\\\/homme-ohtul-ule-eestiline-meeleavaldus\\\/#primaryimage\"},\"image\":{\"@id\":\"https:\\\/\\\/toompark.com\\\/aarne\\\/homme-ohtul-ule-eestiline-meeleavaldus\\\/#primaryimage\"},\"thumbnailUrl\":\"https:\\\/\\\/toompark.com\\\/aarne\\\/wp-content\\\/uploads\\\/2009\\\/09\\\/Meeleavaldajad.jpg\",\"datePublished\":\"2009-09-24T08:41:29+00:00\",\"dateModified\":\"2023-04-30T04:37:40+00:00\",\"breadcrumb\":{\"@id\":\"https:\\\/\\\/toompark.com\\\/aarne\\\/homme-ohtul-ule-eestiline-meeleavaldus\\\/#breadcrumb\"},\"inLanguage\":\"et\",\"potentialAction\":[{\"@type\":\"ReadAction\",\"target\":[\"https:\\\/\\\/toompark.com\\\/aarne\\\/homme-ohtul-ule-eestiline-meeleavaldus\\\/\"]}]},{\"@type\":\"ImageObject\",\"inLanguage\":\"et\",\"@id\":\"https:\\\/\\\/toompark.com\\\/aarne\\\/homme-ohtul-ule-eestiline-meeleavaldus\\\/#primaryimage\",\"url\":\"https:\\\/\\\/toompark.com\\\/aarne\\\/wp-content\\\/uploads\\\/2009\\\/09\\\/Meeleavaldajad.jpg\",\"contentUrl\":\"https:\\\/\\\/toompark.com\\\/aarne\\\/wp-content\\\/uploads\\\/2009\\\/09\\\/Meeleavaldajad.jpg\",\"width\":250,\"height\":389},{\"@type\":\"BreadcrumbList\",\"@id\":\"https:\\\/\\\/toompark.com\\\/aarne\\\/homme-ohtul-ule-eestiline-meeleavaldus\\\/#breadcrumb\",\"itemListElement\":[{\"@type\":\"ListItem\",\"position\":1,\"name\":\"Home\",\"item\":\"https:\\\/\\\/toompark.com\\\/aarne\\\/\"},{\"@type\":\"ListItem\",\"position\":2,\"name\":\"Aarne bloog\",\"item\":\"https:\\\/\\\/toompark.com\\\/aarne\\\/kategooria\\\/aarne-bloog\\\/\"},{\"@type\":\"ListItem\",\"position\":3,\"name\":\"Homme \u00f5htul \u00fcle-Eestiline meeleavaldus!\"}]},{\"@type\":\"WebSite\",\"@id\":\"https:\\\/\\\/toompark.com\\\/aarne\\\/#website\",\"url\":\"https:\\\/\\\/toompark.com\\\/aarne\\\/\",\"name\":\"Aarne bloog\",\"description\":\"Aarne elu ja tegemised - elu ise\",\"publisher\":{\"@id\":\"https:\\\/\\\/toompark.com\\\/aarne\\\/#\\\/schema\\\/person\\\/cad6a11e0fa62991870721d353fe8b1b\"},\"potentialAction\":[{\"@type\":\"SearchAction\",\"target\":{\"@type\":\"EntryPoint\",\"urlTemplate\":\"https:\\\/\\\/toompark.com\\\/aarne\\\/?s={search_term_string}\"},\"query-input\":{\"@type\":\"PropertyValueSpecification\",\"valueRequired\":true,\"valueName\":\"search_term_string\"}}],\"inLanguage\":\"et\"},{\"@type\":[\"Person\",\"Organization\"],\"@id\":\"https:\\\/\\\/toompark.com\\\/aarne\\\/#\\\/schema\\\/person\\\/cad6a11e0fa62991870721d353fe8b1b\",\"name\":\"Aarne\",\"image\":{\"@type\":\"ImageObject\",\"inLanguage\":\"et\",\"@id\":\"https:\\\/\\\/toompark.com\\\/aarne\\\/wp-content\\\/uploads\\\/2016\\\/11\\\/aarne-toompark.jpg\",\"url\":\"https:\\\/\\\/toompark.com\\\/aarne\\\/wp-content\\\/uploads\\\/2016\\\/11\\\/aarne-toompark.jpg\",\"contentUrl\":\"https:\\\/\\\/toompark.com\\\/aarne\\\/wp-content\\\/uploads\\\/2016\\\/11\\\/aarne-toompark.jpg\",\"width\":500,\"height\":500,\"caption\":\"Aarne\"},\"logo\":{\"@id\":\"https:\\\/\\\/toompark.com\\\/aarne\\\/wp-content\\\/uploads\\\/2016\\\/11\\\/aarne-toompark.jpg\"},\"sameAs\":[\"https:\\\/\\\/toompark.com\\\/aarne\\\/\",\"https:\\\/\\\/www.facebook.com\\\/aarne.toompark\",\"https:\\\/\\\/www.instagram.com\\\/aarnet\\\/\",\"https:\\\/\\\/www.linkedin.com\\\/in\\\/aarnetoompark\\\/\",\"https:\\\/\\\/x.com\\\/Aarne\"],\"url\":\"https:\\\/\\\/toompark.com\\\/aarne\\\/author\\\/aarne\\\/\"}]}<\/script>\n<!-- \/ Yoast SEO plugin. -->","yoast_head_json":{"title":"Homme \u00f5htul \u00fcle-Eestiline meeleavaldus! - Aarne bloog","robots":{"index":"index","follow":"follow","max-snippet":"max-snippet:-1","max-image-preview":"max-image-preview:large","max-video-preview":"max-video-preview:-1"},"canonical":"https:\/\/toompark.com\/aarne\/homme-ohtul-ule-eestiline-meeleavaldus\/","og_locale":"et_EE","og_type":"article","og_title":"Homme \u00f5htul \u00fcle-Eestiline meeleavaldus! - Aarne bloog","og_description":"Vaatasin just ERR vahendusel Toompeal toimunud meeleavaldust ja mulle tundus, et v\u00e4ga l\u00f5bus \u00fcritus oli. L\u00f5busad asjad mulle meeldivad ja seega kuulutan v\u00e4lja \u00fcle - Eestilise meeleavalduse, mis toimub juba homme \u00f5htul. Meeleavaldus on suunatud k\u00f5ige halva vastu ning hea&hellip;Loe veel &#8250;","og_url":"https:\/\/toompark.com\/aarne\/homme-ohtul-ule-eestiline-meeleavaldus\/","og_site_name":"Aarne bloog","article_publisher":"https:\/\/www.facebook.com\/aarne.toompark","article_author":"https:\/\/www.facebook.com\/aarne.toompark","article_published_time":"2009-09-24T08:41:29+00:00","article_modified_time":"2023-04-30T04:37:40+00:00","og_image":[{"width":250,"height":389,"url":"https:\/\/toompark.com\/aarne\/wp-content\/uploads\/2009\/09\/Meeleavaldajad.jpg","type":"image\/jpeg"}],"author":"Aarne","twitter_card":"summary_large_image","twitter_creator":"@Aarne","twitter_site":"@Aarne","twitter_misc":{"Written by":"Aarne","Est. reading time":"1 minut"},"schema":{"@context":"https:\/\/schema.org","@graph":[{"@type":"Article","@id":"https:\/\/toompark.com\/aarne\/homme-ohtul-ule-eestiline-meeleavaldus\/#article","isPartOf":{"@id":"https:\/\/toompark.com\/aarne\/homme-ohtul-ule-eestiline-meeleavaldus\/"},"author":{"name":"Aarne","@id":"https:\/\/toompark.com\/aarne\/#\/schema\/person\/cad6a11e0fa62991870721d353fe8b1b"},"headline":"Homme \u00f5htul \u00fcle-Eestiline meeleavaldus!","datePublished":"2009-09-24T08:41:29+00:00","dateModified":"2023-04-30T04:37:40+00:00","mainEntityOfPage":{"@id":"https:\/\/toompark.com\/aarne\/homme-ohtul-ule-eestiline-meeleavaldus\/"},"wordCount":214,"commentCount":3,"publisher":{"@id":"https:\/\/toompark.com\/aarne\/#\/schema\/person\/cad6a11e0fa62991870721d353fe8b1b"},"image":{"@id":"https:\/\/toompark.com\/aarne\/homme-ohtul-ule-eestiline-meeleavaldus\/#primaryimage"},"thumbnailUrl":"https:\/\/toompark.com\/aarne\/wp-content\/uploads\/2009\/09\/Meeleavaldajad.jpg","keywords":["Eesti","Isetehtud asjad","Nali ja naer","Poliitika","Reede","Valimised"],"articleSection":["Aarne bloog"],"inLanguage":"et","potentialAction":[{"@type":"CommentAction","name":"Comment","target":["https:\/\/toompark.com\/aarne\/homme-ohtul-ule-eestiline-meeleavaldus\/#respond"]}]},{"@type":"WebPage","@id":"https:\/\/toompark.com\/aarne\/homme-ohtul-ule-eestiline-meeleavaldus\/","url":"https:\/\/toompark.com\/aarne\/homme-ohtul-ule-eestiline-meeleavaldus\/","name":"Homme \u00f5htul \u00fcle-Eestiline meeleavaldus! - Aarne bloog","isPartOf":{"@id":"https:\/\/toompark.com\/aarne\/#website"},"primaryImageOfPage":{"@id":"https:\/\/toompark.com\/aarne\/homme-ohtul-ule-eestiline-meeleavaldus\/#primaryimage"},"image":{"@id":"https:\/\/toompark.com\/aarne\/homme-ohtul-ule-eestiline-meeleavaldus\/#primaryimage"},"thumbnailUrl":"https:\/\/toompark.com\/aarne\/wp-content\/uploads\/2009\/09\/Meeleavaldajad.jpg","datePublished":"2009-09-24T08:41:29+00:00","dateModified":"2023-04-30T04:37:40+00:00","breadcrumb":{"@id":"https:\/\/toompark.com\/aarne\/homme-ohtul-ule-eestiline-meeleavaldus\/#breadcrumb"},"inLanguage":"et","potentialAction":[{"@type":"ReadAction","target":["https:\/\/toompark.com\/aarne\/homme-ohtul-ule-eestiline-meeleavaldus\/"]}]},{"@type":"ImageObject","inLanguage":"et","@id":"https:\/\/toompark.com\/aarne\/homme-ohtul-ule-eestiline-meeleavaldus\/#primaryimage","url":"https:\/\/toompark.com\/aarne\/wp-content\/uploads\/2009\/09\/Meeleavaldajad.jpg","contentUrl":"https:\/\/toompark.com\/aarne\/wp-content\/uploads\/2009\/09\/Meeleavaldajad.jpg","width":250,"height":389},{"@type":"BreadcrumbList","@id":"https:\/\/toompark.com\/aarne\/homme-ohtul-ule-eestiline-meeleavaldus\/#breadcrumb","itemListElement":[{"@type":"ListItem","position":1,"name":"Home","item":"https:\/\/toompark.com\/aarne\/"},{"@type":"ListItem","position":2,"name":"Aarne bloog","item":"https:\/\/toompark.com\/aarne\/kategooria\/aarne-bloog\/"},{"@type":"ListItem","position":3,"name":"Homme \u00f5htul \u00fcle-Eestiline meeleavaldus!"}]},{"@type":"WebSite","@id":"https:\/\/toompark.com\/aarne\/#website","url":"https:\/\/toompark.com\/aarne\/","name":"Aarne bloog","description":"Aarne elu ja tegemised - elu ise","publisher":{"@id":"https:\/\/toompark.com\/aarne\/#\/schema\/person\/cad6a11e0fa62991870721d353fe8b1b"},"potentialAction":[{"@type":"SearchAction","target":{"@type":"EntryPoint","urlTemplate":"https:\/\/toompark.com\/aarne\/?s={search_term_string}"},"query-input":{"@type":"PropertyValueSpecification","valueRequired":true,"valueName":"search_term_string"}}],"inLanguage":"et"},{"@type":["Person","Organization"],"@id":"https:\/\/toompark.com\/aarne\/#\/schema\/person\/cad6a11e0fa62991870721d353fe8b1b","name":"Aarne","image":{"@type":"ImageObject","inLanguage":"et","@id":"https:\/\/toompark.com\/aarne\/wp-content\/uploads\/2016\/11\/aarne-toompark.jpg","url":"https:\/\/toompark.com\/aarne\/wp-content\/uploads\/2016\/11\/aarne-toompark.jpg","contentUrl":"https:\/\/toompark.com\/aarne\/wp-content\/uploads\/2016\/11\/aarne-toompark.jpg","width":500,"height":500,"caption":"Aarne"},"logo":{"@id":"https:\/\/toompark.com\/aarne\/wp-content\/uploads\/2016\/11\/aarne-toompark.jpg"},"sameAs":["https:\/\/toompark.com\/aarne\/","https:\/\/www.facebook.com\/aarne.toompark","https:\/\/www.instagram.com\/aarnet\/","https:\/\/www.linkedin.com\/in\/aarnetoompark\/","https:\/\/x.com\/Aarne"],"url":"https:\/\/toompark.com\/aarne\/author\/aarne\/"}]}},"jetpack_publicize_connections":[],"jetpack_featured_media_url":"https:\/\/toompark.com\/aarne\/wp-content\/uploads\/2009\/09\/Meeleavaldajad.jpg","jetpack_sharing_enabled":true,"jetpack_shortlink":"https:\/\/wp.me\/p4ti3-1Pa","_links":{"self":[{"href":"https:\/\/toompark.com\/aarne\/wp-json\/wp\/v2\/posts\/7016","targetHints":{"allow":["GET"]}}],"collection":[{"href":"https:\/\/toompark.com\/aarne\/wp-json\/wp\/v2\/posts"}],"about":[{"href":"https:\/\/toompark.com\/aarne\/wp-json\/wp\/v2\/types\/post"}],"author":[{"embeddable":true,"href":"https:\/\/toompark.com\/aarne\/wp-json\/wp\/v2\/users\/1"}],"replies":[{"embeddable":true,"href":"https:\/\/toompark.com\/aarne\/wp-json\/wp\/v2\/comments?post=7016"}],"version-history":[{"count":0,"href":"https:\/\/toompark.com\/aarne\/wp-json\/wp\/v2\/posts\/7016\/revisions"}],"wp:featuredmedia":[{"embeddable":true,"href":"https:\/\/toompark.com\/aarne\/wp-json\/wp\/v2\/media\/7017"}],"wp:attachment":[{"href":"https:\/\/toompark.com\/aarne\/wp-json\/wp\/v2\/media?parent=7016"}],"wp:term":[{"taxonomy":"category","embeddable":true,"href":"https:\/\/toompark.com\/aarne\/wp-json\/wp\/v2\/categories?post=7016"},{"taxonomy":"post_tag","embeddable":true,"href":"https:\/\/toompark.com\/aarne\/wp-json\/wp\/v2\/tags?post=7016"}],"curies":[{"name":"wp","href":"https:\/\/api.w.org\/{rel}","templated":true}]}}