{"id":7518,"date":"2010-03-01T11:56:20","date_gmt":"2010-03-01T09:56:20","guid":{"rendered":"https:\/\/toompark.com\/aarne\/?p=7518"},"modified":"2024-01-26T13:00:14","modified_gmt":"2024-01-26T11:00:14","slug":"sotsiaalvorkudes-olen-poisike","status":"publish","type":"post","link":"https:\/\/toompark.com\/aarne\/sotsiaalvorkudes-olen-poisike\/","title":{"rendered":"Sotsiaalv\u00f5rkudes olen poisike"},"content":{"rendered":"<p>Leidsin huvitava jutu kus k\u00e4sitletakse erinevate <a href=\"https:\/\/royal.pingdom.com\/2010\/02\/16\/study-ages-of-social-network-users\/\">sotsiaalv\u00f5rkude kasutajate vanust<\/a>. Kahjuks kasutasid nad ainult USA andmeid aga \u00fcht-teist \u00fctlevad need numbrid siiski.<\/p>\n<p>Veerand inimestest, kes sotsiaalv\u00f5rgustike kasutab, on vanuses 35 -44.<\/p>\n<p style=\"text-align: center;\"><img loading=\"lazy\" decoding=\"async\" class=\"size-full wp-image-7519 aligncenter\" title=\"Sotsiaalvorgustike kasutajate keskmine vanus\" src=\"https:\/\/toompark.com\/aarne\/wp-content\/uploads\/2010\/03\/sotsiaalvorgustike-kasutajate-keskmine-vanus.jpg\" alt=\"Sotsiaalvorgustike kasutajate keskmine vanus\" width=\"580\" height=\"400\" srcset=\"https:\/\/toompark.com\/aarne\/wp-content\/uploads\/2010\/03\/sotsiaalvorgustike-kasutajate-keskmine-vanus.jpg 580w, https:\/\/toompark.com\/aarne\/wp-content\/uploads\/2010\/03\/sotsiaalvorgustike-kasutajate-keskmine-vanus-300x207.jpg 300w, https:\/\/toompark.com\/aarne\/wp-content\/uploads\/2010\/03\/sotsiaalvorgustike-kasutajate-keskmine-vanus-100x69.jpg 100w, https:\/\/toompark.com\/aarne\/wp-content\/uploads\/2010\/03\/sotsiaalvorgustike-kasutajate-keskmine-vanus-150x103.jpg 150w, https:\/\/toompark.com\/aarne\/wp-content\/uploads\/2010\/03\/sotsiaalvorgustike-kasutajate-keskmine-vanus-200x138.jpg 200w, https:\/\/toompark.com\/aarne\/wp-content\/uploads\/2010\/03\/sotsiaalvorgustike-kasutajate-keskmine-vanus-450x310.jpg 450w\" sizes=\"auto, (max-width: 580px) 100vw, 580px\" \/><\/p>\n<p>64% Twitteri kasutajatest on 35 v\u00f5i vanemad. Keskmine Twitterikasutaja on 39 aastane.<\/p>\n<p>61% Facebooki\u00a0 kasutajatest on 35 v\u00f5i vanemad. Keskmine Facebooki kasutaja on 38 aastane.<\/p>\n<p>Keskmine sotsiaalv\u00f5rgustiku kasutaja on 37 aastat vana.<\/p>\n<p>Oma p\u00f5hiliste v\u00f5rgustike, <a title=\"Mina Twitteris\" href=\"https:\/\/twitter.com\/Aarne\">Twitteri<\/a> ja <a title=\"Mina Facebookis\" href=\"https:\/\/www.facebook.com\/aarne.toompark\">Facebooki<\/a>, kasutajate hulgas olen veel poisike ja ka \u00fcldise sotsv\u00f5rgukasutaja keskmise vanuseni on veel aega. :)<\/p>\n","protected":false},"excerpt":{"rendered":"<p>Leidsin huvitava jutu kus k\u00e4sitletakse erinevate sotsiaalv\u00f5rkude kasutajate vanust. Kahjuks kasutasid nad ainult USA andmeid aga \u00fcht-teist \u00fctlevad need numbrid siiski. Veerand inimestest, kes sotsiaalv\u00f5rgustike kasutab, on vanuses 35 -44. 64% Twitteri kasutajatest on 35 v\u00f5i vanemad. Keskmine Twitterikasutaja on<span class=\"ellipsis\">&hellip;<\/span><\/p>\n<div class=\"read-more\"><a href=\"https:\/\/toompark.com\/aarne\/sotsiaalvorkudes-olen-poisike\/\">Loe veel &#8250;<\/a><\/div>\n<p><!-- end of .read-more --><\/p>\n","protected":false},"author":1,"featured_media":7519,"comment_status":"open","ping_status":"open","sticky":false,"template":"","format":"standard","meta":{"_jetpack_memberships_contains_paid_content":false,"footnotes":"","jetpack_publicize_message":"","jetpack_publicize_feature_enabled":true,"jetpack_social_post_already_shared":false,"jetpack_social_options":{"image_generator_settings":{"template":"highway","default_image_id":0,"font":"","enabled":false},"version":2}},"categories":[1],"tags":[9,173,50,8,147],"class_list":["post-7518","post","type-post","status-publish","format-standard","has-post-thumbnail","hentry","category-aarne-bloog","tag-elu","tag-facebook","tag-graafik","tag-isetehtud-asjad","tag-twitter"],"yoast_head":"<!-- This site is optimized with the Yoast SEO plugin v27.5 - https:\/\/yoast.com\/product\/yoast-seo-wordpress\/ -->\n<title>Sotsiaalv\u00f5rkudes olen poisike - Aarne bloog<\/title>\n<meta name=\"robots\" content=\"index, follow, max-snippet:-1, max-image-preview:large, max-video-preview:-1\" \/>\n<link rel=\"canonical\" href=\"https:\/\/toompark.com\/aarne\/sotsiaalvorkudes-olen-poisike\/\" \/>\n<meta property=\"og:locale\" content=\"et_EE\" \/>\n<meta property=\"og:type\" content=\"article\" \/>\n<meta property=\"og:title\" content=\"Sotsiaalv\u00f5rkudes olen poisike - Aarne bloog\" \/>\n<meta property=\"og:description\" content=\"Leidsin huvitava jutu kus k\u00e4sitletakse erinevate sotsiaalv\u00f5rkude kasutajate vanust. Kahjuks kasutasid nad ainult USA andmeid aga \u00fcht-teist \u00fctlevad need numbrid siiski. Veerand inimestest, kes sotsiaalv\u00f5rgustike kasutab, on vanuses 35 -44. 64% Twitteri kasutajatest on 35 v\u00f5i vanemad. Keskmine Twitterikasutaja on&hellip;Loe veel &#8250;\" \/>\n<meta property=\"og:url\" content=\"https:\/\/toompark.com\/aarne\/sotsiaalvorkudes-olen-poisike\/\" \/>\n<meta property=\"og:site_name\" content=\"Aarne bloog\" \/>\n<meta property=\"article:publisher\" content=\"https:\/\/www.facebook.com\/aarne.toompark\" \/>\n<meta property=\"article:author\" content=\"https:\/\/www.facebook.com\/aarne.toompark\" \/>\n<meta property=\"article:published_time\" content=\"2010-03-01T09:56:20+00:00\" \/>\n<meta property=\"article:modified_time\" content=\"2024-01-26T11:00:14+00:00\" \/>\n<meta property=\"og:image\" content=\"https:\/\/toompark.com\/aarne\/wp-content\/uploads\/2010\/03\/sotsiaalvorgustike-kasutajate-keskmine-vanus.jpg\" \/>\n\t<meta property=\"og:image:width\" content=\"580\" \/>\n\t<meta property=\"og:image:height\" content=\"400\" \/>\n\t<meta property=\"og:image:type\" content=\"image\/jpeg\" \/>\n<meta name=\"author\" content=\"Aarne\" \/>\n<meta name=\"twitter:card\" content=\"summary_large_image\" \/>\n<meta name=\"twitter:creator\" content=\"@Aarne\" \/>\n<meta name=\"twitter:site\" content=\"@Aarne\" \/>\n<meta name=\"twitter:label1\" content=\"Written by\" \/>\n\t<meta name=\"twitter:data1\" content=\"Aarne\" \/>\n<script type=\"application\/ld+json\" class=\"yoast-schema-graph\">{\"@context\":\"https:\\\/\\\/schema.org\",\"@graph\":[{\"@type\":\"Article\",\"@id\":\"https:\\\/\\\/toompark.com\\\/aarne\\\/sotsiaalvorkudes-olen-poisike\\\/#article\",\"isPartOf\":{\"@id\":\"https:\\\/\\\/toompark.com\\\/aarne\\\/sotsiaalvorkudes-olen-poisike\\\/\"},\"author\":{\"name\":\"Aarne\",\"@id\":\"https:\\\/\\\/toompark.com\\\/aarne\\\/#\\\/schema\\\/person\\\/cad6a11e0fa62991870721d353fe8b1b\"},\"headline\":\"Sotsiaalv\u00f5rkudes olen poisike\",\"datePublished\":\"2010-03-01T09:56:20+00:00\",\"dateModified\":\"2024-01-26T11:00:14+00:00\",\"mainEntityOfPage\":{\"@id\":\"https:\\\/\\\/toompark.com\\\/aarne\\\/sotsiaalvorkudes-olen-poisike\\\/\"},\"wordCount\":87,\"commentCount\":0,\"publisher\":{\"@id\":\"https:\\\/\\\/toompark.com\\\/aarne\\\/#\\\/schema\\\/person\\\/cad6a11e0fa62991870721d353fe8b1b\"},\"image\":{\"@id\":\"https:\\\/\\\/toompark.com\\\/aarne\\\/sotsiaalvorkudes-olen-poisike\\\/#primaryimage\"},\"thumbnailUrl\":\"https:\\\/\\\/toompark.com\\\/aarne\\\/wp-content\\\/uploads\\\/2010\\\/03\\\/sotsiaalvorgustike-kasutajate-keskmine-vanus.jpg\",\"keywords\":[\"Elu\",\"Facebook\",\"Graafik\",\"Isetehtud asjad\",\"Twitter\"],\"articleSection\":[\"Aarne bloog\"],\"inLanguage\":\"et\",\"potentialAction\":[{\"@type\":\"CommentAction\",\"name\":\"Comment\",\"target\":[\"https:\\\/\\\/toompark.com\\\/aarne\\\/sotsiaalvorkudes-olen-poisike\\\/#respond\"]}]},{\"@type\":\"WebPage\",\"@id\":\"https:\\\/\\\/toompark.com\\\/aarne\\\/sotsiaalvorkudes-olen-poisike\\\/\",\"url\":\"https:\\\/\\\/toompark.com\\\/aarne\\\/sotsiaalvorkudes-olen-poisike\\\/\",\"name\":\"Sotsiaalv\u00f5rkudes olen poisike - Aarne bloog\",\"isPartOf\":{\"@id\":\"https:\\\/\\\/toompark.com\\\/aarne\\\/#website\"},\"primaryImageOfPage\":{\"@id\":\"https:\\\/\\\/toompark.com\\\/aarne\\\/sotsiaalvorkudes-olen-poisike\\\/#primaryimage\"},\"image\":{\"@id\":\"https:\\\/\\\/toompark.com\\\/aarne\\\/sotsiaalvorkudes-olen-poisike\\\/#primaryimage\"},\"thumbnailUrl\":\"https:\\\/\\\/toompark.com\\\/aarne\\\/wp-content\\\/uploads\\\/2010\\\/03\\\/sotsiaalvorgustike-kasutajate-keskmine-vanus.jpg\",\"datePublished\":\"2010-03-01T09:56:20+00:00\",\"dateModified\":\"2024-01-26T11:00:14+00:00\",\"breadcrumb\":{\"@id\":\"https:\\\/\\\/toompark.com\\\/aarne\\\/sotsiaalvorkudes-olen-poisike\\\/#breadcrumb\"},\"inLanguage\":\"et\",\"potentialAction\":[{\"@type\":\"ReadAction\",\"target\":[\"https:\\\/\\\/toompark.com\\\/aarne\\\/sotsiaalvorkudes-olen-poisike\\\/\"]}]},{\"@type\":\"ImageObject\",\"inLanguage\":\"et\",\"@id\":\"https:\\\/\\\/toompark.com\\\/aarne\\\/sotsiaalvorkudes-olen-poisike\\\/#primaryimage\",\"url\":\"https:\\\/\\\/toompark.com\\\/aarne\\\/wp-content\\\/uploads\\\/2010\\\/03\\\/sotsiaalvorgustike-kasutajate-keskmine-vanus.jpg\",\"contentUrl\":\"https:\\\/\\\/toompark.com\\\/aarne\\\/wp-content\\\/uploads\\\/2010\\\/03\\\/sotsiaalvorgustike-kasutajate-keskmine-vanus.jpg\",\"width\":580,\"height\":400,\"caption\":\"Sotsiaalvorgustike kasutajate keskmine vanus\"},{\"@type\":\"BreadcrumbList\",\"@id\":\"https:\\\/\\\/toompark.com\\\/aarne\\\/sotsiaalvorkudes-olen-poisike\\\/#breadcrumb\",\"itemListElement\":[{\"@type\":\"ListItem\",\"position\":1,\"name\":\"Home\",\"item\":\"https:\\\/\\\/toompark.com\\\/aarne\\\/\"},{\"@type\":\"ListItem\",\"position\":2,\"name\":\"Aarne bloog\",\"item\":\"https:\\\/\\\/toompark.com\\\/aarne\\\/kategooria\\\/aarne-bloog\\\/\"},{\"@type\":\"ListItem\",\"position\":3,\"name\":\"Sotsiaalv\u00f5rkudes olen poisike\"}]},{\"@type\":\"WebSite\",\"@id\":\"https:\\\/\\\/toompark.com\\\/aarne\\\/#website\",\"url\":\"https:\\\/\\\/toompark.com\\\/aarne\\\/\",\"name\":\"Aarne bloog\",\"description\":\"Aarne elu ja tegemised - elu ise\",\"publisher\":{\"@id\":\"https:\\\/\\\/toompark.com\\\/aarne\\\/#\\\/schema\\\/person\\\/cad6a11e0fa62991870721d353fe8b1b\"},\"potentialAction\":[{\"@type\":\"SearchAction\",\"target\":{\"@type\":\"EntryPoint\",\"urlTemplate\":\"https:\\\/\\\/toompark.com\\\/aarne\\\/?s={search_term_string}\"},\"query-input\":{\"@type\":\"PropertyValueSpecification\",\"valueRequired\":true,\"valueName\":\"search_term_string\"}}],\"inLanguage\":\"et\"},{\"@type\":[\"Person\",\"Organization\"],\"@id\":\"https:\\\/\\\/toompark.com\\\/aarne\\\/#\\\/schema\\\/person\\\/cad6a11e0fa62991870721d353fe8b1b\",\"name\":\"Aarne\",\"image\":{\"@type\":\"ImageObject\",\"inLanguage\":\"et\",\"@id\":\"https:\\\/\\\/toompark.com\\\/aarne\\\/wp-content\\\/uploads\\\/2016\\\/11\\\/aarne-toompark.jpg\",\"url\":\"https:\\\/\\\/toompark.com\\\/aarne\\\/wp-content\\\/uploads\\\/2016\\\/11\\\/aarne-toompark.jpg\",\"contentUrl\":\"https:\\\/\\\/toompark.com\\\/aarne\\\/wp-content\\\/uploads\\\/2016\\\/11\\\/aarne-toompark.jpg\",\"width\":500,\"height\":500,\"caption\":\"Aarne\"},\"logo\":{\"@id\":\"https:\\\/\\\/toompark.com\\\/aarne\\\/wp-content\\\/uploads\\\/2016\\\/11\\\/aarne-toompark.jpg\"},\"sameAs\":[\"https:\\\/\\\/toompark.com\\\/aarne\\\/\",\"https:\\\/\\\/www.facebook.com\\\/aarne.toompark\",\"https:\\\/\\\/www.instagram.com\\\/aarnet\\\/\",\"https:\\\/\\\/www.linkedin.com\\\/in\\\/aarnetoompark\\\/\",\"https:\\\/\\\/x.com\\\/Aarne\"],\"url\":\"https:\\\/\\\/toompark.com\\\/aarne\\\/author\\\/aarne\\\/\"}]}<\/script>\n<!-- \/ Yoast SEO plugin. -->","yoast_head_json":{"title":"Sotsiaalv\u00f5rkudes olen poisike - Aarne bloog","robots":{"index":"index","follow":"follow","max-snippet":"max-snippet:-1","max-image-preview":"max-image-preview:large","max-video-preview":"max-video-preview:-1"},"canonical":"https:\/\/toompark.com\/aarne\/sotsiaalvorkudes-olen-poisike\/","og_locale":"et_EE","og_type":"article","og_title":"Sotsiaalv\u00f5rkudes olen poisike - Aarne bloog","og_description":"Leidsin huvitava jutu kus k\u00e4sitletakse erinevate sotsiaalv\u00f5rkude kasutajate vanust. Kahjuks kasutasid nad ainult USA andmeid aga \u00fcht-teist \u00fctlevad need numbrid siiski. Veerand inimestest, kes sotsiaalv\u00f5rgustike kasutab, on vanuses 35 -44. 64% Twitteri kasutajatest on 35 v\u00f5i vanemad. Keskmine Twitterikasutaja on&hellip;Loe veel &#8250;","og_url":"https:\/\/toompark.com\/aarne\/sotsiaalvorkudes-olen-poisike\/","og_site_name":"Aarne bloog","article_publisher":"https:\/\/www.facebook.com\/aarne.toompark","article_author":"https:\/\/www.facebook.com\/aarne.toompark","article_published_time":"2010-03-01T09:56:20+00:00","article_modified_time":"2024-01-26T11:00:14+00:00","og_image":[{"width":580,"height":400,"url":"https:\/\/toompark.com\/aarne\/wp-content\/uploads\/2010\/03\/sotsiaalvorgustike-kasutajate-keskmine-vanus.jpg","type":"image\/jpeg"}],"author":"Aarne","twitter_card":"summary_large_image","twitter_creator":"@Aarne","twitter_site":"@Aarne","twitter_misc":{"Written by":"Aarne"},"schema":{"@context":"https:\/\/schema.org","@graph":[{"@type":"Article","@id":"https:\/\/toompark.com\/aarne\/sotsiaalvorkudes-olen-poisike\/#article","isPartOf":{"@id":"https:\/\/toompark.com\/aarne\/sotsiaalvorkudes-olen-poisike\/"},"author":{"name":"Aarne","@id":"https:\/\/toompark.com\/aarne\/#\/schema\/person\/cad6a11e0fa62991870721d353fe8b1b"},"headline":"Sotsiaalv\u00f5rkudes olen poisike","datePublished":"2010-03-01T09:56:20+00:00","dateModified":"2024-01-26T11:00:14+00:00","mainEntityOfPage":{"@id":"https:\/\/toompark.com\/aarne\/sotsiaalvorkudes-olen-poisike\/"},"wordCount":87,"commentCount":0,"publisher":{"@id":"https:\/\/toompark.com\/aarne\/#\/schema\/person\/cad6a11e0fa62991870721d353fe8b1b"},"image":{"@id":"https:\/\/toompark.com\/aarne\/sotsiaalvorkudes-olen-poisike\/#primaryimage"},"thumbnailUrl":"https:\/\/toompark.com\/aarne\/wp-content\/uploads\/2010\/03\/sotsiaalvorgustike-kasutajate-keskmine-vanus.jpg","keywords":["Elu","Facebook","Graafik","Isetehtud asjad","Twitter"],"articleSection":["Aarne bloog"],"inLanguage":"et","potentialAction":[{"@type":"CommentAction","name":"Comment","target":["https:\/\/toompark.com\/aarne\/sotsiaalvorkudes-olen-poisike\/#respond"]}]},{"@type":"WebPage","@id":"https:\/\/toompark.com\/aarne\/sotsiaalvorkudes-olen-poisike\/","url":"https:\/\/toompark.com\/aarne\/sotsiaalvorkudes-olen-poisike\/","name":"Sotsiaalv\u00f5rkudes olen poisike - Aarne bloog","isPartOf":{"@id":"https:\/\/toompark.com\/aarne\/#website"},"primaryImageOfPage":{"@id":"https:\/\/toompark.com\/aarne\/sotsiaalvorkudes-olen-poisike\/#primaryimage"},"image":{"@id":"https:\/\/toompark.com\/aarne\/sotsiaalvorkudes-olen-poisike\/#primaryimage"},"thumbnailUrl":"https:\/\/toompark.com\/aarne\/wp-content\/uploads\/2010\/03\/sotsiaalvorgustike-kasutajate-keskmine-vanus.jpg","datePublished":"2010-03-01T09:56:20+00:00","dateModified":"2024-01-26T11:00:14+00:00","breadcrumb":{"@id":"https:\/\/toompark.com\/aarne\/sotsiaalvorkudes-olen-poisike\/#breadcrumb"},"inLanguage":"et","potentialAction":[{"@type":"ReadAction","target":["https:\/\/toompark.com\/aarne\/sotsiaalvorkudes-olen-poisike\/"]}]},{"@type":"ImageObject","inLanguage":"et","@id":"https:\/\/toompark.com\/aarne\/sotsiaalvorkudes-olen-poisike\/#primaryimage","url":"https:\/\/toompark.com\/aarne\/wp-content\/uploads\/2010\/03\/sotsiaalvorgustike-kasutajate-keskmine-vanus.jpg","contentUrl":"https:\/\/toompark.com\/aarne\/wp-content\/uploads\/2010\/03\/sotsiaalvorgustike-kasutajate-keskmine-vanus.jpg","width":580,"height":400,"caption":"Sotsiaalvorgustike kasutajate keskmine vanus"},{"@type":"BreadcrumbList","@id":"https:\/\/toompark.com\/aarne\/sotsiaalvorkudes-olen-poisike\/#breadcrumb","itemListElement":[{"@type":"ListItem","position":1,"name":"Home","item":"https:\/\/toompark.com\/aarne\/"},{"@type":"ListItem","position":2,"name":"Aarne bloog","item":"https:\/\/toompark.com\/aarne\/kategooria\/aarne-bloog\/"},{"@type":"ListItem","position":3,"name":"Sotsiaalv\u00f5rkudes olen poisike"}]},{"@type":"WebSite","@id":"https:\/\/toompark.com\/aarne\/#website","url":"https:\/\/toompark.com\/aarne\/","name":"Aarne bloog","description":"Aarne elu ja tegemised - elu ise","publisher":{"@id":"https:\/\/toompark.com\/aarne\/#\/schema\/person\/cad6a11e0fa62991870721d353fe8b1b"},"potentialAction":[{"@type":"SearchAction","target":{"@type":"EntryPoint","urlTemplate":"https:\/\/toompark.com\/aarne\/?s={search_term_string}"},"query-input":{"@type":"PropertyValueSpecification","valueRequired":true,"valueName":"search_term_string"}}],"inLanguage":"et"},{"@type":["Person","Organization"],"@id":"https:\/\/toompark.com\/aarne\/#\/schema\/person\/cad6a11e0fa62991870721d353fe8b1b","name":"Aarne","image":{"@type":"ImageObject","inLanguage":"et","@id":"https:\/\/toompark.com\/aarne\/wp-content\/uploads\/2016\/11\/aarne-toompark.jpg","url":"https:\/\/toompark.com\/aarne\/wp-content\/uploads\/2016\/11\/aarne-toompark.jpg","contentUrl":"https:\/\/toompark.com\/aarne\/wp-content\/uploads\/2016\/11\/aarne-toompark.jpg","width":500,"height":500,"caption":"Aarne"},"logo":{"@id":"https:\/\/toompark.com\/aarne\/wp-content\/uploads\/2016\/11\/aarne-toompark.jpg"},"sameAs":["https:\/\/toompark.com\/aarne\/","https:\/\/www.facebook.com\/aarne.toompark","https:\/\/www.instagram.com\/aarnet\/","https:\/\/www.linkedin.com\/in\/aarnetoompark\/","https:\/\/x.com\/Aarne"],"url":"https:\/\/toompark.com\/aarne\/author\/aarne\/"}]}},"jetpack_publicize_connections":[],"jetpack_featured_media_url":"https:\/\/toompark.com\/aarne\/wp-content\/uploads\/2010\/03\/sotsiaalvorgustike-kasutajate-keskmine-vanus.jpg","jetpack_sharing_enabled":true,"jetpack_shortlink":"https:\/\/wp.me\/p4ti3-1Xg","_links":{"self":[{"href":"https:\/\/toompark.com\/aarne\/wp-json\/wp\/v2\/posts\/7518","targetHints":{"allow":["GET"]}}],"collection":[{"href":"https:\/\/toompark.com\/aarne\/wp-json\/wp\/v2\/posts"}],"about":[{"href":"https:\/\/toompark.com\/aarne\/wp-json\/wp\/v2\/types\/post"}],"author":[{"embeddable":true,"href":"https:\/\/toompark.com\/aarne\/wp-json\/wp\/v2\/users\/1"}],"replies":[{"embeddable":true,"href":"https:\/\/toompark.com\/aarne\/wp-json\/wp\/v2\/comments?post=7518"}],"version-history":[{"count":0,"href":"https:\/\/toompark.com\/aarne\/wp-json\/wp\/v2\/posts\/7518\/revisions"}],"wp:featuredmedia":[{"embeddable":true,"href":"https:\/\/toompark.com\/aarne\/wp-json\/wp\/v2\/media\/7519"}],"wp:attachment":[{"href":"https:\/\/toompark.com\/aarne\/wp-json\/wp\/v2\/media?parent=7518"}],"wp:term":[{"taxonomy":"category","embeddable":true,"href":"https:\/\/toompark.com\/aarne\/wp-json\/wp\/v2\/categories?post=7518"},{"taxonomy":"post_tag","embeddable":true,"href":"https:\/\/toompark.com\/aarne\/wp-json\/wp\/v2\/tags?post=7518"}],"curies":[{"name":"wp","href":"https:\/\/api.w.org\/{rel}","templated":true}]}}